{"id":9612,"date":"2013-11-02T22:59:58","date_gmt":"2013-11-03T01:59:58","guid":{"rendered":"http:\/\/www.curva1.com.ar\/?p=9612"},"modified":"2013-11-02T23:32:37","modified_gmt":"2013-11-03T02:32:37","slug":"el-maineri-esta-listo-y-se-espera-que-las-lluvias-no-lo-afecten","status":"publish","type":"post","link":"https:\/\/curva1.com.ar\/?p=9612","title":{"rendered":"El Maineri est\u00e1 listo y se espera que las lluvias no lo afecten"},"content":{"rendered":"<p><img loading=\"lazy\" decoding=\"async\" class=\"aligncenter size-full wp-image-9613\" alt=\"1277198_546217108776802_439218593_o\" src=\"http:\/\/www.curva1.com.ar\/wp-content\/uploads\/2013\/11\/1277198_546217108776802_439218593_o.jpg\" width=\"500\" height=\"281\" srcset=\"https:\/\/curva1.com.ar\/wp-content\/uploads\/2013\/11\/1277198_546217108776802_439218593_o.jpg 500w, https:\/\/curva1.com.ar\/wp-content\/uploads\/2013\/11\/1277198_546217108776802_439218593_o-300x169.jpg 300w\" sizes=\"auto, (max-width: 500px) 100vw, 500px\" \/><\/p>\n<p>El pron\u00f3stico para hoy viernes y ma\u00f1ana s\u00e1bado indicaba &#8220;probabilidad de precipitaciones&#8221; (<a href=\"http:\/\/www.smn.gov.ar\/?mod=pron&amp;id=4&amp;provincia=Mendoza&amp;ciudad=San%20Mart%EDn%20%28Mza%29\" target=\"_blank\"><strong>ver ac\u00e1<\/strong><\/a>), pero hasta el momento solo unos minutos algunas gotas cayeron luego de las 20:30 hs que no alcanzaron ni para humedecer el piso.<\/p>\n<p>N\u00e9stor Imberti coment\u00f3 <strong>&#8220;Hemos trabajando durante las \u00faltimas semanas y tenemos todo listo. Hace varios d\u00edas se est\u00e1 haciendo publicidad, con pasacalles y luego con folleter\u00eda. Al circuito ya lo hemos regado en varias ocasiones y le hemos hecho el tratamiento de siempre para tener un piso bueno para la carrera&#8221;.<\/strong><\/p>\n<p><strong>&#8220;Tenemos pronosticadas lluvias, pero hasta el momento no ha pasado nada. Esperemos no influyan ya que solamente son para viernes y s\u00e1bado, con un buen clima para el d\u00eda domingo&#8221;<\/strong> dijo.<\/p>\n<p>&nbsp;<\/p>\n<p>&nbsp;<\/p>\n","protected":false},"excerpt":{"rendered":"<p>El pron\u00f3stico para hoy viernes y ma\u00f1ana s\u00e1bado indicaba &#8220;probabilidad de precipitaciones&#8221; (ver ac\u00e1), pero<\/p>\n","protected":false},"author":1,"featured_media":9613,"comment_status":"open","ping_status":"closed","sticky":false,"template":"","format":"standard","meta":{"footnotes":""},"categories":[3],"tags":[],"class_list":["post-9612","post","type-post","status-publish","format-standard","has-post-thumbnail","hentry","category-tradicionales"],"featured_image_urls":{"full":["https:\/\/curva1.com.ar\/wp-content\/uploads\/2013\/11\/1277198_546217108776802_439218593_o.jpg",500,281,false],"thumbnail":["https:\/\/curva1.com.ar\/wp-content\/uploads\/2013\/11\/1277198_546217108776802_439218593_o-300x169.jpg",300,169,true],"medium":["https:\/\/curva1.com.ar\/wp-content\/uploads\/2013\/11\/1277198_546217108776802_439218593_o.jpg",500,281,false],"medium_large":["https:\/\/curva1.com.ar\/wp-content\/uploads\/2013\/11\/1277198_546217108776802_439218593_o.jpg",500,281,false],"large":["https:\/\/curva1.com.ar\/wp-content\/uploads\/2013\/11\/1277198_546217108776802_439218593_o.jpg",500,281,false],"1536x1536":["https:\/\/curva1.com.ar\/wp-content\/uploads\/2013\/11\/1277198_546217108776802_439218593_o.jpg",500,281,false],"2048x2048":["https:\/\/curva1.com.ar\/wp-content\/uploads\/2013\/11\/1277198_546217108776802_439218593_o.jpg",500,281,false],"chromenews-featured":["https:\/\/curva1.com.ar\/wp-content\/uploads\/2013\/11\/1277198_546217108776802_439218593_o.jpg",500,281,false],"chromenews-large":["https:\/\/curva1.com.ar\/wp-content\/uploads\/2013\/11\/1277198_546217108776802_439218593_o.jpg",500,281,false],"chromenews-medium":["https:\/\/curva1.com.ar\/wp-content\/uploads\/2013\/11\/1277198_546217108776802_439218593_o.jpg",500,281,false]},"author_info":{"display_name":"Jos\u00e9 Bravo","author_link":"https:\/\/curva1.com.ar\/?author=1"},"category_info":"<a href=\"https:\/\/curva1.com.ar\/?cat=3\" rel=\"category\">Tradicionales<\/a>","tag_info":"Tradicionales","comment_count":"0","_links":{"self":[{"href":"https:\/\/curva1.com.ar\/index.php?rest_route=\/wp\/v2\/posts\/9612","targetHints":{"allow":["GET"]}}],"collection":[{"href":"https:\/\/curva1.com.ar\/index.php?rest_route=\/wp\/v2\/posts"}],"about":[{"href":"https:\/\/curva1.com.ar\/index.php?rest_route=\/wp\/v2\/types\/post"}],"author":[{"embeddable":true,"href":"https:\/\/curva1.com.ar\/index.php?rest_route=\/wp\/v2\/users\/1"}],"replies":[{"embeddable":true,"href":"https:\/\/curva1.com.ar\/index.php?rest_route=%2Fwp%2Fv2%2Fcomments&post=9612"}],"version-history":[{"count":1,"href":"https:\/\/curva1.com.ar\/index.php?rest_route=\/wp\/v2\/posts\/9612\/revisions"}],"predecessor-version":[{"id":9614,"href":"https:\/\/curva1.com.ar\/index.php?rest_route=\/wp\/v2\/posts\/9612\/revisions\/9614"}],"wp:featuredmedia":[{"embeddable":true,"href":"https:\/\/curva1.com.ar\/index.php?rest_route=\/wp\/v2\/media\/9613"}],"wp:attachment":[{"href":"https:\/\/curva1.com.ar\/index.php?rest_route=%2Fwp%2Fv2%2Fmedia&parent=9612"}],"wp:term":[{"taxonomy":"category","embeddable":true,"href":"https:\/\/curva1.com.ar\/index.php?rest_route=%2Fwp%2Fv2%2Fcategories&post=9612"},{"taxonomy":"post_tag","embeddable":true,"href":"https:\/\/curva1.com.ar\/index.php?rest_route=%2Fwp%2Fv2%2Ftags&post=9612"}],"curies":[{"name":"wp","href":"https:\/\/api.w.org\/{rel}","templated":true}]}}