{"id":9618,"date":"2013-11-01T22:24:46","date_gmt":"2013-11-02T01:24:46","guid":{"rendered":"http:\/\/www.curva1.com.ar\/?p=9618"},"modified":"2013-11-01T23:43:44","modified_gmt":"2013-11-02T02:43:44","slug":"se-confirmo-la-fecha-especial-para-la-coronacion-del-karting-cuyano","status":"publish","type":"post","link":"https:\/\/curva1.com.ar\/?p=9618","title":{"rendered":"Se confirm\u00f3 la fecha especial para la coronaci\u00f3n del Karting Cuyano"},"content":{"rendered":"<p><img loading=\"lazy\" decoding=\"async\" class=\"aligncenter size-full wp-image-9619\" alt=\"IMG_0385\" src=\"http:\/\/www.curva1.com.ar\/wp-content\/uploads\/2013\/11\/IMG_0385.jpg\" width=\"501\" height=\"281\" srcset=\"https:\/\/curva1.com.ar\/wp-content\/uploads\/2013\/11\/IMG_0385.jpg 600w, https:\/\/curva1.com.ar\/wp-content\/uploads\/2013\/11\/IMG_0385-300x169.jpg 300w\" sizes=\"auto, (max-width: 501px) 100vw, 501px\" \/><\/p>\n<p>Se confirm\u00f3 que el Karting Cuyano disputar\u00e1 su pr\u00f3xima fecha en San Mart\u00edn el fin de semana del 1 de diciembre, donde se llevar\u00e1 a cabo la fecha especial para la finalizaci\u00f3n del campeonato.<\/p>\n<blockquote><p>Debido a las obras realizadas en el kart\u00f3dromo, a la presencia del karting nacional y a la apretada agenda del aut\u00f3dromo Jorge Angel Pena, se decidi\u00f3 eliminar dos fechas del calendario, tal como se lo puede hacer seg\u00fan las\u00a0<a href=\"http:\/\/femadmza.com.ar\/2013\/Karting\/ReglamentoDeportivo2013-MZKart.doc\" target=\"_blank\">Bases del Campeonato 2013<\/a>.<\/p><\/blockquote>\n<p><em>Los respectivos campeonatos de cada categor\u00eda correspondientes a estas \u00a0Federaciones disputaran un campeonato denominado Campeonato Cuyano de Karting 2013 y contar\u00e1 con \u00a0un m\u00ednimo de ocho\u00a0 (08)\u00a0 fechas y un m\u00e1ximo de diez (10) fechas a disputarse en los kart\u00f3dromos habilitados por Fe.M.A.D., de acuerdo al\u00a0 Pre-Calendario publicado oficialmente por Federaci\u00f3n.-<\/em><\/p>\n<p>Por tal motivo, el Karting Cuyano finalizar\u00e1 su segunda temporada en San Mart\u00edn el pr\u00f3ximo domingo 1 de diciembre, con una fecha simple que ser\u00e1 especial por tener puntuaci\u00f3n y media, como lo indica el reglamento.<\/p>\n<blockquote><p><em>La \u00faltima fecha otorgar\u00e1 el 150% de la escala normal de puntos, adem\u00e1s del presentismo y p\u00f3leman.<\/em><\/p><\/blockquote>\n<p>IMPORTANTE \u2013 Se recuerda a los pilotos que el Kart\u00f3dromo de San Mart\u00edn est\u00e1 cerrado y no se puede probar hasta la semana previa a la carrera, debido la veda de pruebas impuesta por la Comisi\u00f3n Nacional de Karting.<\/p>\n","protected":false},"excerpt":{"rendered":"<p>Se confirm\u00f3 que el Karting Cuyano disputar\u00e1 su pr\u00f3xima fecha en San Mart\u00edn el fin<\/p>\n","protected":false},"author":1,"featured_media":9619,"comment_status":"open","ping_status":"closed","sticky":false,"template":"","format":"standard","meta":{"footnotes":""},"categories":[4],"tags":[],"class_list":["post-9618","post","type-post","status-publish","format-standard","has-post-thumbnail","hentry","category-karting"],"featured_image_urls":{"full":["https:\/\/curva1.com.ar\/wp-content\/uploads\/2013\/11\/IMG_0385.jpg",600,337,false],"thumbnail":["https:\/\/curva1.com.ar\/wp-content\/uploads\/2013\/11\/IMG_0385-300x169.jpg",300,169,true],"medium":["https:\/\/curva1.com.ar\/wp-content\/uploads\/2013\/11\/IMG_0385.jpg",600,337,false],"medium_large":["https:\/\/curva1.com.ar\/wp-content\/uploads\/2013\/11\/IMG_0385.jpg",600,337,false],"large":["https:\/\/curva1.com.ar\/wp-content\/uploads\/2013\/11\/IMG_0385.jpg",600,337,false],"1536x1536":["https:\/\/curva1.com.ar\/wp-content\/uploads\/2013\/11\/IMG_0385.jpg",600,337,false],"2048x2048":["https:\/\/curva1.com.ar\/wp-content\/uploads\/2013\/11\/IMG_0385.jpg",600,337,false],"chromenews-featured":["https:\/\/curva1.com.ar\/wp-content\/uploads\/2013\/11\/IMG_0385.jpg",600,337,false],"chromenews-large":["https:\/\/curva1.com.ar\/wp-content\/uploads\/2013\/11\/IMG_0385.jpg",600,337,false],"chromenews-medium":["https:\/\/curva1.com.ar\/wp-content\/uploads\/2013\/11\/IMG_0385.jpg",590,331,false]},"author_info":{"display_name":"Jos\u00e9 Bravo","author_link":"https:\/\/curva1.com.ar\/?author=1"},"category_info":"<a href=\"https:\/\/curva1.com.ar\/?cat=4\" rel=\"category\">Karting Asfalto<\/a>","tag_info":"Karting Asfalto","comment_count":"0","_links":{"self":[{"href":"https:\/\/curva1.com.ar\/index.php?rest_route=\/wp\/v2\/posts\/9618","targetHints":{"allow":["GET"]}}],"collection":[{"href":"https:\/\/curva1.com.ar\/index.php?rest_route=\/wp\/v2\/posts"}],"about":[{"href":"https:\/\/curva1.com.ar\/index.php?rest_route=\/wp\/v2\/types\/post"}],"author":[{"embeddable":true,"href":"https:\/\/curva1.com.ar\/index.php?rest_route=\/wp\/v2\/users\/1"}],"replies":[{"embeddable":true,"href":"https:\/\/curva1.com.ar\/index.php?rest_route=%2Fwp%2Fv2%2Fcomments&post=9618"}],"version-history":[{"count":1,"href":"https:\/\/curva1.com.ar\/index.php?rest_route=\/wp\/v2\/posts\/9618\/revisions"}],"predecessor-version":[{"id":9620,"href":"https:\/\/curva1.com.ar\/index.php?rest_route=\/wp\/v2\/posts\/9618\/revisions\/9620"}],"wp:featuredmedia":[{"embeddable":true,"href":"https:\/\/curva1.com.ar\/index.php?rest_route=\/wp\/v2\/media\/9619"}],"wp:attachment":[{"href":"https:\/\/curva1.com.ar\/index.php?rest_route=%2Fwp%2Fv2%2Fmedia&parent=9618"}],"wp:term":[{"taxonomy":"category","embeddable":true,"href":"https:\/\/curva1.com.ar\/index.php?rest_route=%2Fwp%2Fv2%2Fcategories&post=9618"},{"taxonomy":"post_tag","embeddable":true,"href":"https:\/\/curva1.com.ar\/index.php?rest_route=%2Fwp%2Fv2%2Ftags&post=9618"}],"curies":[{"name":"wp","href":"https:\/\/api.w.org\/{rel}","templated":true}]}}