{"id":963,"date":"2012-09-04T23:17:26","date_gmt":"2012-09-05T02:17:26","guid":{"rendered":"http:\/\/www.curva1.com.ar\/?p=963"},"modified":"2013-01-30T02:10:28","modified_gmt":"2013-01-30T05:10:28","slug":"gasca-y-savina-ganaron-la-sexta-fecha-de-travesias-en-san-juan","status":"publish","type":"post","link":"https:\/\/curva1.com.ar\/?p=963","title":{"rendered":"Gasca y Savina ganaron la sexta fecha de Traves\u00edas en San Juan"},"content":{"rendered":"<p><img loading=\"lazy\" decoding=\"async\" class=\"aligncenter size-full wp-image-964\" title=\"FzaLibre_Savina\" src=\"http:\/\/www.curva1.com.ar\/wp-content\/uploads\/2012\/09\/FzaLibre_Savina.jpg\" alt=\"\" width=\"500\" height=\"282\" srcset=\"https:\/\/curva1.com.ar\/wp-content\/uploads\/2012\/09\/FzaLibre_Savina.jpg 500w, https:\/\/curva1.com.ar\/wp-content\/uploads\/2012\/09\/FzaLibre_Savina-300x169.jpg 300w\" sizes=\"auto, (max-width: 500px) 100vw, 500px\" \/><\/p>\n<p><span style=\"color: #000000;\">El piloto mendocino Ra\u00fal Savina se adjudic\u00f3 la 2\u00aa etapa de ayer en Zonda y de esta manera se qued\u00f3 con la 6\u00aa fecha del sanjuanino de Traves\u00eda. Savina fue el mas veloz en ambas etapas, acumulando un registro total de 25:25,7 min para adjudicarse la fecha.<\/span><\/p>\n<p><span style=\"color: #000000;\">El recorrido de la competencia se mostr\u00f3 favorable a los veh\u00edculos de Fuerza Libre o a los de la categor\u00eda 4&#215;4, ya que los primeros lugares en la general fueron ocupados por pilotos de estas categor\u00edas.<\/span><\/p>\n<p><span style=\"color: #000000;\">A Savina lo escolt\u00f3 Franco Benedetti con el jeep Wrangler de la 4&#215;4 que finaliz\u00f3 a 37 seg de la punta, seguido por Jos\u00e9 Luis Castro con el saltadunas de Fuerza Libre en la 3ra posici\u00f3n. Sergio Garcia de Fza Libre y Mariano Imparado de 4&#215;4, completaron los primeros 5 lugares.<\/span><\/p>\n<p><span style=\"color: #000000;\">Recien en la 6ta posici\u00f3n aparece el primer auto, con una gran tarea de Rub\u00e9n Leanez que lider\u00f3 la C Plus y se adjudic\u00f3 la 2\u00aa general.<\/span><\/p>\n<p>Ver todos los resultados <a href=\"http:\/\/www.codigotuerca.com.ar\/index.php?option=content&amp;task=view&amp;id=2336\" target=\"_blank\"><strong>AQUI<\/strong><\/a><\/p>\n<p>C\u00f3digo Tuerca.<\/p>\n","protected":false},"excerpt":{"rendered":"<p>El piloto mendocino Ra\u00fal Savina se adjudic\u00f3 la 2\u00aa etapa de ayer en Zonda y<\/p>\n","protected":false},"author":1,"featured_media":964,"comment_status":"open","ping_status":"closed","sticky":false,"template":"","format":"standard","meta":{"footnotes":""},"categories":[1],"tags":[],"class_list":["post-963","post","type-post","status-publish","format-standard","has-post-thumbnail","hentry","category-zonal-cuyano"],"featured_image_urls":{"full":["https:\/\/curva1.com.ar\/wp-content\/uploads\/2012\/09\/FzaLibre_Savina.jpg",500,282,false],"thumbnail":["https:\/\/curva1.com.ar\/wp-content\/uploads\/2012\/09\/FzaLibre_Savina-150x150.jpg",150,150,true],"medium":["https:\/\/curva1.com.ar\/wp-content\/uploads\/2012\/09\/FzaLibre_Savina-300x169.jpg",300,169,true],"medium_large":["https:\/\/curva1.com.ar\/wp-content\/uploads\/2012\/09\/FzaLibre_Savina.jpg",500,282,false],"large":["https:\/\/curva1.com.ar\/wp-content\/uploads\/2012\/09\/FzaLibre_Savina.jpg",500,282,false],"1536x1536":["https:\/\/curva1.com.ar\/wp-content\/uploads\/2012\/09\/FzaLibre_Savina.jpg",500,282,false],"2048x2048":["https:\/\/curva1.com.ar\/wp-content\/uploads\/2012\/09\/FzaLibre_Savina.jpg",500,282,false],"chromenews-featured":["https:\/\/curva1.com.ar\/wp-content\/uploads\/2012\/09\/FzaLibre_Savina.jpg",500,282,false],"chromenews-large":["https:\/\/curva1.com.ar\/wp-content\/uploads\/2012\/09\/FzaLibre_Savina.jpg",500,282,false],"chromenews-medium":["https:\/\/curva1.com.ar\/wp-content\/uploads\/2012\/09\/FzaLibre_Savina.jpg",500,282,false]},"author_info":{"display_name":"Jos\u00e9 Bravo","author_link":"https:\/\/curva1.com.ar\/?author=1"},"category_info":"<a href=\"https:\/\/curva1.com.ar\/?cat=1\" rel=\"category\">Zonal Cuyano<\/a>","tag_info":"Zonal Cuyano","comment_count":"0","_links":{"self":[{"href":"https:\/\/curva1.com.ar\/index.php?rest_route=\/wp\/v2\/posts\/963","targetHints":{"allow":["GET"]}}],"collection":[{"href":"https:\/\/curva1.com.ar\/index.php?rest_route=\/wp\/v2\/posts"}],"about":[{"href":"https:\/\/curva1.com.ar\/index.php?rest_route=\/wp\/v2\/types\/post"}],"author":[{"embeddable":true,"href":"https:\/\/curva1.com.ar\/index.php?rest_route=\/wp\/v2\/users\/1"}],"replies":[{"embeddable":true,"href":"https:\/\/curva1.com.ar\/index.php?rest_route=%2Fwp%2Fv2%2Fcomments&post=963"}],"version-history":[{"count":2,"href":"https:\/\/curva1.com.ar\/index.php?rest_route=\/wp\/v2\/posts\/963\/revisions"}],"predecessor-version":[{"id":3591,"href":"https:\/\/curva1.com.ar\/index.php?rest_route=\/wp\/v2\/posts\/963\/revisions\/3591"}],"wp:featuredmedia":[{"embeddable":true,"href":"https:\/\/curva1.com.ar\/index.php?rest_route=\/wp\/v2\/media\/964"}],"wp:attachment":[{"href":"https:\/\/curva1.com.ar\/index.php?rest_route=%2Fwp%2Fv2%2Fmedia&parent=963"}],"wp:term":[{"taxonomy":"category","embeddable":true,"href":"https:\/\/curva1.com.ar\/index.php?rest_route=%2Fwp%2Fv2%2Fcategories&post=963"},{"taxonomy":"post_tag","embeddable":true,"href":"https:\/\/curva1.com.ar\/index.php?rest_route=%2Fwp%2Fv2%2Ftags&post=963"}],"curies":[{"name":"wp","href":"https:\/\/api.w.org\/{rel}","templated":true}]}}