{"id":9637,"date":"2013-11-02T12:57:24","date_gmt":"2013-11-02T15:57:24","guid":{"rendered":"http:\/\/www.curva1.com.ar\/?p=9637"},"modified":"2013-11-02T13:00:01","modified_gmt":"2013-11-02T16:00:01","slug":"el-equipo-chevrolet-de-super-tc2000-estara-en-yacopini-motors","status":"publish","type":"post","link":"https:\/\/curva1.com.ar\/?p=9637","title":{"rendered":"El equipo Chevrolet de S\u00faper TC2000 estar\u00e1 en Yacopini Motors"},"content":{"rendered":"<figure id=\"attachment_9638\" aria-describedby=\"caption-attachment-9638\" style=\"width: 501px\" class=\"wp-caption aligncenter\"><img loading=\"lazy\" decoding=\"async\" class=\"size-full wp-image-9638\" alt=\"Foto: Mart\u00edn Syriani\" src=\"http:\/\/www.curva1.com.ar\/wp-content\/uploads\/2013\/11\/BX6ZxY_CYAELgjO.jpg-large.jpg\" width=\"501\" height=\"282\" srcset=\"https:\/\/curva1.com.ar\/wp-content\/uploads\/2013\/11\/BX6ZxY_CYAELgjO.jpg-large.jpg 600w, https:\/\/curva1.com.ar\/wp-content\/uploads\/2013\/11\/BX6ZxY_CYAELgjO.jpg-large-300x169.jpg 300w, https:\/\/curva1.com.ar\/wp-content\/uploads\/2013\/11\/BX6ZxY_CYAELgjO.jpg-large-598x337.jpg 598w\" sizes=\"auto, (max-width: 501px) 100vw, 501px\" \/><figcaption id=\"caption-attachment-9638\" class=\"wp-caption-text\"><span style=\"color: #ff0000;\">Foto: Mart\u00edn Syriani<\/span><\/figcaption><\/figure>\n<p>El S\u00faper TC2000 corre el 10 de noviembre en San Mart\u00edn y ya se preparan las cl\u00e1sicas conferencias de prensa y reuniones de pilotos con los fans.<\/p>\n<p>El pr\u00f3ximo viernes 8 de noviembre a las 20 hs, el equipo Chevrolet se presentar\u00e1 en Yacopini Motors (San Mart\u00edn 600 de Godoy Cruz) y la cita tendr\u00e1 la conducci\u00f3n de Marcelo Mercado, periodista de Carburando.<\/p>\n<p>Estar\u00e1n presentes los pilotos Agustin Canapino, Franco Girolami, Franco Vivian y Luciano Monti pilotos y director t\u00e9cnico del equipo.<\/p>\n<p>Habr\u00e1 sorteo de entradas a boxes y gorras autografiadas.<\/p>\n","protected":false},"excerpt":{"rendered":"<p>El S\u00faper TC2000 corre el 10 de noviembre en San Mart\u00edn y ya se preparan<\/p>\n","protected":false},"author":1,"featured_media":9638,"comment_status":"open","ping_status":"closed","sticky":false,"template":"","format":"standard","meta":{"footnotes":""},"categories":[6],"tags":[],"class_list":["post-9637","post","type-post","status-publish","format-standard","has-post-thumbnail","hentry","category-nacionales"],"featured_image_urls":{"full":["https:\/\/curva1.com.ar\/wp-content\/uploads\/2013\/11\/BX6ZxY_CYAELgjO.jpg-large.jpg",600,338,false],"thumbnail":["https:\/\/curva1.com.ar\/wp-content\/uploads\/2013\/11\/BX6ZxY_CYAELgjO.jpg-large-300x169.jpg",300,169,true],"medium":["https:\/\/curva1.com.ar\/wp-content\/uploads\/2013\/11\/BX6ZxY_CYAELgjO.jpg-large-598x337.jpg",598,337,true],"medium_large":["https:\/\/curva1.com.ar\/wp-content\/uploads\/2013\/11\/BX6ZxY_CYAELgjO.jpg-large.jpg",600,338,false],"large":["https:\/\/curva1.com.ar\/wp-content\/uploads\/2013\/11\/BX6ZxY_CYAELgjO.jpg-large.jpg",600,338,false],"1536x1536":["https:\/\/curva1.com.ar\/wp-content\/uploads\/2013\/11\/BX6ZxY_CYAELgjO.jpg-large.jpg",600,338,false],"2048x2048":["https:\/\/curva1.com.ar\/wp-content\/uploads\/2013\/11\/BX6ZxY_CYAELgjO.jpg-large.jpg",600,338,false],"chromenews-featured":["https:\/\/curva1.com.ar\/wp-content\/uploads\/2013\/11\/BX6ZxY_CYAELgjO.jpg-large.jpg",600,338,false],"chromenews-large":["https:\/\/curva1.com.ar\/wp-content\/uploads\/2013\/11\/BX6ZxY_CYAELgjO.jpg-large.jpg",600,338,false],"chromenews-medium":["https:\/\/curva1.com.ar\/wp-content\/uploads\/2013\/11\/BX6ZxY_CYAELgjO.jpg-large.jpg",590,332,false]},"author_info":{"display_name":"Jos\u00e9 Bravo","author_link":"https:\/\/curva1.com.ar\/?author=1"},"category_info":"<a href=\"https:\/\/curva1.com.ar\/?cat=6\" rel=\"category\">Nacionales<\/a>","tag_info":"Nacionales","comment_count":"0","_links":{"self":[{"href":"https:\/\/curva1.com.ar\/index.php?rest_route=\/wp\/v2\/posts\/9637","targetHints":{"allow":["GET"]}}],"collection":[{"href":"https:\/\/curva1.com.ar\/index.php?rest_route=\/wp\/v2\/posts"}],"about":[{"href":"https:\/\/curva1.com.ar\/index.php?rest_route=\/wp\/v2\/types\/post"}],"author":[{"embeddable":true,"href":"https:\/\/curva1.com.ar\/index.php?rest_route=\/wp\/v2\/users\/1"}],"replies":[{"embeddable":true,"href":"https:\/\/curva1.com.ar\/index.php?rest_route=%2Fwp%2Fv2%2Fcomments&post=9637"}],"version-history":[{"count":2,"href":"https:\/\/curva1.com.ar\/index.php?rest_route=\/wp\/v2\/posts\/9637\/revisions"}],"predecessor-version":[{"id":9640,"href":"https:\/\/curva1.com.ar\/index.php?rest_route=\/wp\/v2\/posts\/9637\/revisions\/9640"}],"wp:featuredmedia":[{"embeddable":true,"href":"https:\/\/curva1.com.ar\/index.php?rest_route=\/wp\/v2\/media\/9638"}],"wp:attachment":[{"href":"https:\/\/curva1.com.ar\/index.php?rest_route=%2Fwp%2Fv2%2Fmedia&parent=9637"}],"wp:term":[{"taxonomy":"category","embeddable":true,"href":"https:\/\/curva1.com.ar\/index.php?rest_route=%2Fwp%2Fv2%2Fcategories&post=9637"},{"taxonomy":"post_tag","embeddable":true,"href":"https:\/\/curva1.com.ar\/index.php?rest_route=%2Fwp%2Fv2%2Ftags&post=9637"}],"curies":[{"name":"wp","href":"https:\/\/api.w.org\/{rel}","templated":true}]}}