{"id":9664,"date":"2013-11-03T21:34:15","date_gmt":"2013-11-04T00:34:15","guid":{"rendered":"http:\/\/www.curva1.com.ar\/?p=9664"},"modified":"2013-11-04T00:35:56","modified_gmt":"2013-11-04T03:35:56","slug":"matias-jalaf-completo-un-gran-avance-en-la-final-del-tc-en-la-pampa","status":"publish","type":"post","link":"https:\/\/curva1.com.ar\/?p=9664","title":{"rendered":"Mat\u00edas Jalaf complet\u00f3 un gran avance en la final del TC en La Pampa"},"content":{"rendered":"<p><img loading=\"lazy\" decoding=\"async\" class=\"aligncenter size-full wp-image-9665\" alt=\"1395264_10151955592589568_1992020553_n\" src=\"http:\/\/www.curva1.com.ar\/wp-content\/uploads\/2013\/11\/1395264_10151955592589568_1992020553_n.jpg\" width=\"500\" height=\"281\" srcset=\"https:\/\/curva1.com.ar\/wp-content\/uploads\/2013\/11\/1395264_10151955592589568_1992020553_n.jpg 500w, https:\/\/curva1.com.ar\/wp-content\/uploads\/2013\/11\/1395264_10151955592589568_1992020553_n-300x169.jpg 300w\" sizes=\"auto, (max-width: 500px) 100vw, 500px\" \/><\/p>\n<p>Mat\u00edas Jalaf complet\u00f3 hoy un gran avance en la final que el Turismo Carretera desarroll\u00f3 en el aut\u00f3dromo de La Pampa, ganando casi veinte puestos y sumando buenos puntos con el Ford del equipo Alifraco Sport.<\/p>\n<p>Finalmente le toc\u00f3 formar parte de la primera serie al comenzar la jornada de domingo. Tras largar desde la sexta fila hizo lo que pudo con ritmos estables durante gran parte de la bater\u00eda, pero en los \u00faltimos metros se vio superado por Jos\u00e9 Savino y termin\u00f3 en el 13\u00ba puesto. Al bajarse del Ford se\u00f1al\u00f3: &#8220;No pudimos encontrarle la vuelta durante el fin de semana al circuito, nos falta para ser competitivos, pero trabajaremos para intentar avanzar en la final&#8221;.<\/p>\n<p>La final de ese modo debi\u00f3 largarla desde la d\u00e9cimo octava fila y desde el inicio fue aprovechando el retraso de algunos pilotos y superando a otros, llegando a colocarse diez posiciones delante de su colocaci\u00f3n de largada poco antes de la mitad de la carrera.<\/p>\n<p>El ritmo no se detuvo, el mendocino apel\u00f3 a su manejo y continu\u00f3 avanzando a un promedio de un puesto por vuelta, llegando a meterse entre los veinte primeros pero sin conformarse gan\u00f3 tres posiciones m\u00e1s en el \u00faltimo tramo de la prueba, entre ellos en una gran maniobra al &#8220;Gur\u00ed&#8221; Mart\u00ednez, recibiendo finalmente la bandera a cuadros en el 16\u00ba puesto, nada menos que veinte colocaciones delante respecto a c\u00f3mo hab\u00eda iniciado la carrera.<\/p>\n<p>&#8220;Estoy contento porque la verdad fue una carrera muy linda, avanc\u00e9 mucho, pas\u00e9 autos y hubo que esquivar a otros que estaban cruzados en pista. Para la final el auto mejor\u00f3 bastante y eso me ayud\u00f3 para ganar tantas posiciones, terminando cerca de los quince primeros despu\u00e9s de haber largado tan atr\u00e1s. Agradecido al equipo por la recuperaci\u00f3n y a todos los sponsors por su apoyo. Estamos teniendo una gran segunda parte de a\u00f1o y esperemos seguir as\u00ed en las dos que quedan&#8221;.<\/p>\n<p>La pr\u00f3xima fecha del TC, del 22 al 24 de Noviembre, se llevar\u00e1 a cabo en el aut\u00f3dromo &#8220;Mar y Valle&#8221; de Trelew.<\/p>\n","protected":false},"excerpt":{"rendered":"<p>Mat\u00edas Jalaf complet\u00f3 hoy un gran avance en la final que el Turismo Carretera desarroll\u00f3<\/p>\n","protected":false},"author":1,"featured_media":9665,"comment_status":"open","ping_status":"closed","sticky":false,"template":"","format":"standard","meta":{"footnotes":""},"categories":[6],"tags":[],"class_list":["post-9664","post","type-post","status-publish","format-standard","has-post-thumbnail","hentry","category-nacionales"],"featured_image_urls":{"full":["https:\/\/curva1.com.ar\/wp-content\/uploads\/2013\/11\/1395264_10151955592589568_1992020553_n.jpg",500,281,false],"thumbnail":["https:\/\/curva1.com.ar\/wp-content\/uploads\/2013\/11\/1395264_10151955592589568_1992020553_n-300x169.jpg",300,169,true],"medium":["https:\/\/curva1.com.ar\/wp-content\/uploads\/2013\/11\/1395264_10151955592589568_1992020553_n.jpg",500,281,false],"medium_large":["https:\/\/curva1.com.ar\/wp-content\/uploads\/2013\/11\/1395264_10151955592589568_1992020553_n.jpg",500,281,false],"large":["https:\/\/curva1.com.ar\/wp-content\/uploads\/2013\/11\/1395264_10151955592589568_1992020553_n.jpg",500,281,false],"1536x1536":["https:\/\/curva1.com.ar\/wp-content\/uploads\/2013\/11\/1395264_10151955592589568_1992020553_n.jpg",500,281,false],"2048x2048":["https:\/\/curva1.com.ar\/wp-content\/uploads\/2013\/11\/1395264_10151955592589568_1992020553_n.jpg",500,281,false],"chromenews-featured":["https:\/\/curva1.com.ar\/wp-content\/uploads\/2013\/11\/1395264_10151955592589568_1992020553_n.jpg",500,281,false],"chromenews-large":["https:\/\/curva1.com.ar\/wp-content\/uploads\/2013\/11\/1395264_10151955592589568_1992020553_n.jpg",500,281,false],"chromenews-medium":["https:\/\/curva1.com.ar\/wp-content\/uploads\/2013\/11\/1395264_10151955592589568_1992020553_n.jpg",500,281,false]},"author_info":{"display_name":"Jos\u00e9 Bravo","author_link":"https:\/\/curva1.com.ar\/?author=1"},"category_info":"<a href=\"https:\/\/curva1.com.ar\/?cat=6\" rel=\"category\">Nacionales<\/a>","tag_info":"Nacionales","comment_count":"0","yoast_head":"<!-- This site is optimized with the Yoast SEO Premium plugin v14.7 - https:\/\/yoast.com\/wordpress\/plugins\/seo\/ -->\n<title>Mat\u00edas Jalaf complet\u00f3 un gran avance en la final del TC en La Pampa - Curva 1<\/title>\n<meta name=\"robots\" content=\"index, follow\" \/>\n<meta name=\"googlebot\" content=\"index, follow, max-snippet:-1, max-image-preview:large, max-video-preview:-1\" \/>\n<meta name=\"bingbot\" content=\"index, follow, max-snippet:-1, max-image-preview:large, max-video-preview:-1\" \/>\n<link rel=\"canonical\" href=\"https:\/\/curva1.com.ar\/?p=9664\" \/>\n<meta property=\"og:locale\" content=\"en_US\" \/>\n<meta property=\"og:type\" content=\"article\" \/>\n<meta property=\"og:title\" content=\"Mat\u00edas Jalaf complet\u00f3 un gran avance en la final del TC en La Pampa - Curva 1\" \/>\n<meta property=\"og:description\" content=\"Mat\u00edas Jalaf complet\u00f3 hoy un gran avance en la final que el Turismo Carretera desarroll\u00f3\" \/>\n<meta property=\"og:url\" content=\"https:\/\/curva1.com.ar\/?p=9664\" \/>\n<meta property=\"og:site_name\" content=\"Curva 1\" \/>\n<meta property=\"article:publisher\" content=\"https:\/\/www.facebook.com\/revistacurva1\/\" \/>\n<meta property=\"article:published_time\" content=\"2013-11-04T00:34:15+00:00\" \/>\n<meta property=\"article:modified_time\" content=\"2013-11-04T03:35:56+00:00\" \/>\n<meta property=\"og:image\" content=\"https:\/\/curva1.com.ar\/wp-content\/uploads\/2013\/11\/1395264_10151955592589568_1992020553_n.jpg\" \/>\n\t<meta property=\"og:image:width\" content=\"500\" \/>\n\t<meta property=\"og:image:height\" content=\"281\" \/>\n<meta property=\"fb:app_id\" content=\"1593067817533208\" \/>\n<meta name=\"twitter:card\" content=\"summary_large_image\" \/>\n<meta name=\"twitter:creator\" content=\"@curva1mendoza\" \/>\n<meta name=\"twitter:site\" content=\"@curva1mendoza\" \/>\n<script type=\"application\/ld+json\" class=\"yoast-schema-graph\">{\"@context\":\"https:\/\/schema.org\",\"@graph\":[{\"@type\":\"WebSite\",\"@id\":\"https:\/\/curva1.com.ar\/#website\",\"url\":\"https:\/\/curva1.com.ar\/\",\"name\":\"Curva 1\",\"description\":\"Automovilismo de Mendoza\",\"potentialAction\":[{\"@type\":\"SearchAction\",\"target\":\"https:\/\/curva1.com.ar\/?s={search_term_string}\",\"query-input\":\"required name=search_term_string\"}],\"inLanguage\":\"en-US\"},{\"@type\":\"ImageObject\",\"@id\":\"https:\/\/curva1.com.ar\/?p=9664#primaryimage\",\"inLanguage\":\"en-US\",\"url\":\"https:\/\/curva1.com.ar\/wp-content\/uploads\/2013\/11\/1395264_10151955592589568_1992020553_n.jpg\",\"width\":500,\"height\":281},{\"@type\":\"WebPage\",\"@id\":\"https:\/\/curva1.com.ar\/?p=9664#webpage\",\"url\":\"https:\/\/curva1.com.ar\/?p=9664\",\"name\":\"Mat\\u00edas Jalaf complet\\u00f3 un gran avance en la final del TC en La Pampa - Curva 1\",\"isPartOf\":{\"@id\":\"https:\/\/curva1.com.ar\/#website\"},\"primaryImageOfPage\":{\"@id\":\"https:\/\/curva1.com.ar\/?p=9664#primaryimage\"},\"datePublished\":\"2013-11-04T00:34:15+00:00\",\"dateModified\":\"2013-11-04T03:35:56+00:00\",\"author\":{\"@id\":\"https:\/\/curva1.com.ar\/#\/schema\/person\/f5fd12984d70df7314fbd9ab42f31033\"},\"inLanguage\":\"en-US\",\"potentialAction\":[{\"@type\":\"ReadAction\",\"target\":[\"https:\/\/curva1.com.ar\/?p=9664\"]}]},{\"@type\":[\"Person\"],\"@id\":\"https:\/\/curva1.com.ar\/#\/schema\/person\/f5fd12984d70df7314fbd9ab42f31033\",\"name\":\"Jos\\u00e9 Bravo\",\"image\":{\"@type\":\"ImageObject\",\"@id\":\"https:\/\/curva1.com.ar\/#personlogo\",\"inLanguage\":\"en-US\",\"url\":\"https:\/\/secure.gravatar.com\/avatar\/3ae0b1fdc6ddeb723a6e6c23609ed39de1d40a94b8112fd2c0c2032e2dabf28b?s=96&d=identicon&r=g\",\"caption\":\"Jos\\u00e9 Bravo\"}}]}<\/script>\n<!-- \/ Yoast SEO Premium plugin. -->","_links":{"self":[{"href":"https:\/\/curva1.com.ar\/index.php?rest_route=\/wp\/v2\/posts\/9664","targetHints":{"allow":["GET"]}}],"collection":[{"href":"https:\/\/curva1.com.ar\/index.php?rest_route=\/wp\/v2\/posts"}],"about":[{"href":"https:\/\/curva1.com.ar\/index.php?rest_route=\/wp\/v2\/types\/post"}],"author":[{"embeddable":true,"href":"https:\/\/curva1.com.ar\/index.php?rest_route=\/wp\/v2\/users\/1"}],"replies":[{"embeddable":true,"href":"https:\/\/curva1.com.ar\/index.php?rest_route=%2Fwp%2Fv2%2Fcomments&post=9664"}],"version-history":[{"count":1,"href":"https:\/\/curva1.com.ar\/index.php?rest_route=\/wp\/v2\/posts\/9664\/revisions"}],"predecessor-version":[{"id":9666,"href":"https:\/\/curva1.com.ar\/index.php?rest_route=\/wp\/v2\/posts\/9664\/revisions\/9666"}],"wp:featuredmedia":[{"embeddable":true,"href":"https:\/\/curva1.com.ar\/index.php?rest_route=\/wp\/v2\/media\/9665"}],"wp:attachment":[{"href":"https:\/\/curva1.com.ar\/index.php?rest_route=%2Fwp%2Fv2%2Fmedia&parent=9664"}],"wp:term":[{"taxonomy":"category","embeddable":true,"href":"https:\/\/curva1.com.ar\/index.php?rest_route=%2Fwp%2Fv2%2Fcategories&post=9664"},{"taxonomy":"post_tag","embeddable":true,"href":"https:\/\/curva1.com.ar\/index.php?rest_route=%2Fwp%2Fv2%2Ftags&post=9664"}],"curies":[{"name":"wp","href":"https:\/\/api.w.org\/{rel}","templated":true}]}}