{"id":973,"date":"2012-09-05T00:45:37","date_gmt":"2012-09-05T03:45:37","guid":{"rendered":"http:\/\/www.curva1.com.ar\/?p=973"},"modified":"2012-09-05T00:45:37","modified_gmt":"2012-09-05T03:45:37","slug":"venta-de-anticipadas-para-el-super-tc2000-en-el-aca-de-ciudad","status":"publish","type":"post","link":"https:\/\/curva1.com.ar\/?p=973","title":{"rendered":"Venta de anticipadas para el S\u00faper TC2000 en el ACA de Ciudad"},"content":{"rendered":"<p><img loading=\"lazy\" decoding=\"async\" class=\"size-full wp-image-974 alignleft\" title=\"Print\" src=\"http:\/\/www.curva1.com.ar\/wp-content\/uploads\/2012\/09\/Lod2000.jpg\" alt=\"\" width=\"200\" height=\"113\" \/>Ya est\u00e1n a la venta entradas anticipadas para el Super TC 2000 en el Aut\u00f3dromo Ciudad de San Mart\u00edn.<\/p>\n<p>El lugar de venta es en la sede del Automovil Club Argentino, ubicado en Avenida San Martin y Amigorena de la capital de Mendoza.<\/p>\n","protected":false},"excerpt":{"rendered":"<p>Ya est\u00e1n a la venta entradas anticipadas para el Super TC 2000 en el Aut\u00f3dromo<\/p>\n","protected":false},"author":1,"featured_media":974,"comment_status":"open","ping_status":"closed","sticky":false,"template":"","format":"standard","meta":{"footnotes":""},"categories":[6],"tags":[],"class_list":["post-973","post","type-post","status-publish","format-standard","has-post-thumbnail","hentry","category-nacionales"],"featured_image_urls":{"full":["https:\/\/curva1.com.ar\/wp-content\/uploads\/2012\/09\/Lod2000.jpg",200,113,false],"thumbnail":["https:\/\/curva1.com.ar\/wp-content\/uploads\/2012\/09\/Lod2000-150x113.jpg",150,113,true],"medium":["https:\/\/curva1.com.ar\/wp-content\/uploads\/2012\/09\/Lod2000.jpg",200,113,false],"medium_large":["https:\/\/curva1.com.ar\/wp-content\/uploads\/2012\/09\/Lod2000.jpg",200,113,false],"large":["https:\/\/curva1.com.ar\/wp-content\/uploads\/2012\/09\/Lod2000.jpg",200,113,false],"1536x1536":["https:\/\/curva1.com.ar\/wp-content\/uploads\/2012\/09\/Lod2000.jpg",200,113,false],"2048x2048":["https:\/\/curva1.com.ar\/wp-content\/uploads\/2012\/09\/Lod2000.jpg",200,113,false],"chromenews-featured":["https:\/\/curva1.com.ar\/wp-content\/uploads\/2012\/09\/Lod2000.jpg",200,113,false],"chromenews-large":["https:\/\/curva1.com.ar\/wp-content\/uploads\/2012\/09\/Lod2000.jpg",200,113,false],"chromenews-medium":["https:\/\/curva1.com.ar\/wp-content\/uploads\/2012\/09\/Lod2000.jpg",200,113,false]},"author_info":{"display_name":"Jos\u00e9 Bravo","author_link":"https:\/\/curva1.com.ar\/?author=1"},"category_info":"<a href=\"https:\/\/curva1.com.ar\/?cat=6\" rel=\"category\">Nacionales<\/a>","tag_info":"Nacionales","comment_count":"0","_links":{"self":[{"href":"https:\/\/curva1.com.ar\/index.php?rest_route=\/wp\/v2\/posts\/973","targetHints":{"allow":["GET"]}}],"collection":[{"href":"https:\/\/curva1.com.ar\/index.php?rest_route=\/wp\/v2\/posts"}],"about":[{"href":"https:\/\/curva1.com.ar\/index.php?rest_route=\/wp\/v2\/types\/post"}],"author":[{"embeddable":true,"href":"https:\/\/curva1.com.ar\/index.php?rest_route=\/wp\/v2\/users\/1"}],"replies":[{"embeddable":true,"href":"https:\/\/curva1.com.ar\/index.php?rest_route=%2Fwp%2Fv2%2Fcomments&post=973"}],"version-history":[{"count":2,"href":"https:\/\/curva1.com.ar\/index.php?rest_route=\/wp\/v2\/posts\/973\/revisions"}],"predecessor-version":[{"id":1011,"href":"https:\/\/curva1.com.ar\/index.php?rest_route=\/wp\/v2\/posts\/973\/revisions\/1011"}],"wp:featuredmedia":[{"embeddable":true,"href":"https:\/\/curva1.com.ar\/index.php?rest_route=\/wp\/v2\/media\/974"}],"wp:attachment":[{"href":"https:\/\/curva1.com.ar\/index.php?rest_route=%2Fwp%2Fv2%2Fmedia&parent=973"}],"wp:term":[{"taxonomy":"category","embeddable":true,"href":"https:\/\/curva1.com.ar\/index.php?rest_route=%2Fwp%2Fv2%2Fcategories&post=973"},{"taxonomy":"post_tag","embeddable":true,"href":"https:\/\/curva1.com.ar\/index.php?rest_route=%2Fwp%2Fv2%2Ftags&post=973"}],"curies":[{"name":"wp","href":"https:\/\/api.w.org\/{rel}","templated":true}]}}