{"id":9731,"date":"2013-11-08T02:46:49","date_gmt":"2013-11-08T05:46:49","guid":{"rendered":"http:\/\/www.curva1.com.ar\/?p=9731"},"modified":"2013-11-08T02:46:49","modified_gmt":"2013-11-08T05:46:49","slug":"cronograma-de-conferencias-de-prensa-del-super-tc2000-en-mendoza","status":"publish","type":"post","link":"https:\/\/curva1.com.ar\/?p=9731","title":{"rendered":"Cronograma de conferencias de prensa del S\u00faper TC2000 en Mendoza"},"content":{"rendered":"<p><img loading=\"lazy\" decoding=\"async\" class=\"aligncenter size-full wp-image-9732\" alt=\"2013san_fotoshop\" src=\"http:\/\/www.curva1.com.ar\/wp-content\/uploads\/2013\/11\/2013san_fotoshop.jpg\" width=\"350\" height=\"190\" \/><\/p>\n<p>Como en cada presentaci\u00f3n de\u00a0<strong>S\u00faper TC2000<\/strong>, los equipos llevar\u00e1n a cabo distintos eventos con la prensa y el p\u00fablico en general, quienes podr\u00e1n mantener contacto directo con los protagonistas de cada escuadra. Las mismas se realizar\u00e1n en la ciudad de Godoy Cruz y San Mart\u00edn, en Mendoza.<\/p>\n<p><strong><span style=\"text-decoration: underline;\">Toyota Team Argentina:<\/span><\/strong><br \/>\n<strong>Conferencia de prensa en Ministerio de Turismo de Mendoza<\/strong><br \/>\nD\u00eda: Jueves 7 de noviembre<br \/>\nHora: 12:00hs<br \/>\nActividad: Atenci\u00f3n a los medios de prensa. Firma de aut\u00f3grafos frente al edificio del Ministerio. Exhibici\u00f3n del Corolla Show Car.<\/p>\n<p><strong>Acci\u00f3n conjunta Mobil 1 y Pato Pampa<\/strong><br \/>\nD\u00eda: Jueves 7 de noviembre<br \/>\nHora: 19:00hs<br \/>\nActividad: Firma de aut\u00f3grafos. Exhibici\u00f3n del Corolla Show Car.<br \/>\nLugar: Shopping Palmares<\/p>\n<p><strong>Presentaci\u00f3n oficial del Equipo TTA<\/strong><br \/>\nD\u00eda: viernes 8 de noviembre<br \/>\nHora: 20:00hs<br \/>\nActividad: Firma de aut\u00f3grafos. Atenci\u00f3n de medios de prensa. Exhibici\u00f3n del Corolla Show Car.<br \/>\nLugar: Yacopini S.A., concesionario oficial Toyota en Mendoza.<br \/>\nDirecci\u00f3n: Carril Rodr\u00edguez Pe\u00f1a 1.600, Godoy Cruz (Mendoza).<\/p>\n<p><strong><span style=\"text-decoration: underline;\">Equipo YPF Chevrolet<\/span><\/strong>:<br \/>\nFecha: Viernes, 8 de noviembre<br \/>\nHora: 20:00 hs<br \/>\nLugar: Concesionario YACOPINI MOTORS.<br \/>\nDirecci\u00f3n: Av. San Martin Sur 600, en Godoy Cruz, Mendoza.<br \/>\nPresentes: Los pilotos\u00a0<strong>Agust\u00edn Canapino, Franco Vivian, Franco Girolami y directivos del equipo y del concesionario.\u00a0<\/strong><\/p>\n<p><strong><span style=\"text-decoration: underline;\">Equipo Fiat Petronas<\/span><\/strong>:<br \/>\nFecha: Viernes, 8 de noviembre<br \/>\nHora: 20:00 hs<br \/>\nLugar: Concesionario DENVER SA.<br \/>\nDirecci\u00f3n: Rodriguez Pe\u00f1a 2225, en Godoy Cruz, Mendoza.<br \/>\nPresentes: Los pilotos<strong>Jos\u00e9 Mar\u00eda L\u00f3pez, Facundo Ardusso y directivos del equipo y del concesionario.\u00a0<\/strong>.<\/p>\n<p><strong><span style=\"text-decoration: underline;\">Renault LoJack Team:<\/span><\/strong><br \/>\n<strong>D\u00eda:<\/strong>\u00a0viernes 8 de noviembre<br \/>\n<strong>Horario:<\/strong>\u00a020hs.<br \/>\n<strong>Direcci\u00f3n:<\/strong>\u00a0Las Heras 283, San Mart\u00edn, Mendoza.<br \/>\n<strong>Concesionario:<\/strong>\u00a0Mediterr\u00e1neo Capillitas S.A.<br \/>\n<strong>Presencia:<\/strong>\u00a0El Director General del Renault LoJack Team, V\u00edctor Rosso; el Director T\u00e9cnico, Leonardo Monti; y los cuatro pilotos, Guillermo Ortelli, Leonel Pern\u00eda, Emiliano Spataro y Fabi\u00e1n Yannantuoni.<\/p>\n","protected":false},"excerpt":{"rendered":"<p>Como en cada presentaci\u00f3n de\u00a0S\u00faper TC2000, los equipos llevar\u00e1n a cabo distintos eventos con la<\/p>\n","protected":false},"author":1,"featured_media":9732,"comment_status":"open","ping_status":"closed","sticky":false,"template":"","format":"standard","meta":{"footnotes":""},"categories":[6],"tags":[],"class_list":["post-9731","post","type-post","status-publish","format-standard","has-post-thumbnail","hentry","category-nacionales"],"featured_image_urls":{"full":["https:\/\/curva1.com.ar\/wp-content\/uploads\/2013\/11\/2013san_fotoshop.jpg",350,190,false],"thumbnail":["https:\/\/curva1.com.ar\/wp-content\/uploads\/2013\/11\/2013san_fotoshop-300x169.jpg",300,169,true],"medium":["https:\/\/curva1.com.ar\/wp-content\/uploads\/2013\/11\/2013san_fotoshop.jpg",350,190,false],"medium_large":["https:\/\/curva1.com.ar\/wp-content\/uploads\/2013\/11\/2013san_fotoshop.jpg",350,190,false],"large":["https:\/\/curva1.com.ar\/wp-content\/uploads\/2013\/11\/2013san_fotoshop.jpg",350,190,false],"1536x1536":["https:\/\/curva1.com.ar\/wp-content\/uploads\/2013\/11\/2013san_fotoshop.jpg",350,190,false],"2048x2048":["https:\/\/curva1.com.ar\/wp-content\/uploads\/2013\/11\/2013san_fotoshop.jpg",350,190,false],"chromenews-featured":["https:\/\/curva1.com.ar\/wp-content\/uploads\/2013\/11\/2013san_fotoshop.jpg",350,190,false],"chromenews-large":["https:\/\/curva1.com.ar\/wp-content\/uploads\/2013\/11\/2013san_fotoshop.jpg",350,190,false],"chromenews-medium":["https:\/\/curva1.com.ar\/wp-content\/uploads\/2013\/11\/2013san_fotoshop.jpg",350,190,false]},"author_info":{"display_name":"Jos\u00e9 Bravo","author_link":"https:\/\/curva1.com.ar\/?author=1"},"category_info":"<a href=\"https:\/\/curva1.com.ar\/?cat=6\" rel=\"category\">Nacionales<\/a>","tag_info":"Nacionales","comment_count":"0","_links":{"self":[{"href":"https:\/\/curva1.com.ar\/index.php?rest_route=\/wp\/v2\/posts\/9731","targetHints":{"allow":["GET"]}}],"collection":[{"href":"https:\/\/curva1.com.ar\/index.php?rest_route=\/wp\/v2\/posts"}],"about":[{"href":"https:\/\/curva1.com.ar\/index.php?rest_route=\/wp\/v2\/types\/post"}],"author":[{"embeddable":true,"href":"https:\/\/curva1.com.ar\/index.php?rest_route=\/wp\/v2\/users\/1"}],"replies":[{"embeddable":true,"href":"https:\/\/curva1.com.ar\/index.php?rest_route=%2Fwp%2Fv2%2Fcomments&post=9731"}],"version-history":[{"count":1,"href":"https:\/\/curva1.com.ar\/index.php?rest_route=\/wp\/v2\/posts\/9731\/revisions"}],"predecessor-version":[{"id":9733,"href":"https:\/\/curva1.com.ar\/index.php?rest_route=\/wp\/v2\/posts\/9731\/revisions\/9733"}],"wp:featuredmedia":[{"embeddable":true,"href":"https:\/\/curva1.com.ar\/index.php?rest_route=\/wp\/v2\/media\/9732"}],"wp:attachment":[{"href":"https:\/\/curva1.com.ar\/index.php?rest_route=%2Fwp%2Fv2%2Fmedia&parent=9731"}],"wp:term":[{"taxonomy":"category","embeddable":true,"href":"https:\/\/curva1.com.ar\/index.php?rest_route=%2Fwp%2Fv2%2Fcategories&post=9731"},{"taxonomy":"post_tag","embeddable":true,"href":"https:\/\/curva1.com.ar\/index.php?rest_route=%2Fwp%2Fv2%2Ftags&post=9731"}],"curies":[{"name":"wp","href":"https:\/\/api.w.org\/{rel}","templated":true}]}}