{"id":9784,"date":"2013-11-10T22:14:28","date_gmt":"2013-11-11T01:14:28","guid":{"rendered":"http:\/\/www.curva1.com.ar\/?p=9784"},"modified":"2013-11-11T15:16:26","modified_gmt":"2013-11-11T18:16:26","slug":"el-club-ave-fue-el-centro-de-criticas-tras-la-carrera-del-super-tc2000-en-mendoza","status":"publish","type":"post","link":"https:\/\/curva1.com.ar\/?p=9784","title":{"rendered":"El club AVE fue el centro de cr\u00edticas tras la carrera del S\u00faper TC2000 en San Mart\u00edn"},"content":{"rendered":"<p><img loading=\"lazy\" decoding=\"async\" class=\"aligncenter size-full wp-image-9785\" alt=\"IMG_2226\" src=\"http:\/\/www.curva1.com.ar\/wp-content\/uploads\/2013\/11\/IMG_2226.jpg\" width=\"500\" height=\"281\" srcset=\"https:\/\/curva1.com.ar\/wp-content\/uploads\/2013\/11\/IMG_2226.jpg 500w, https:\/\/curva1.com.ar\/wp-content\/uploads\/2013\/11\/IMG_2226-300x169.jpg 300w\" sizes=\"auto, (max-width: 500px) 100vw, 500px\" \/><\/p>\n<p>El primero en ser cr\u00edtico con el administrador del Aut\u00f3dromo de San Mart\u00edn (Mendoza) fue Pablo Pe\u00f3n, presidente del STC2000, pero luego se prendieron periodistas y medios de prensa que siguen la categor\u00eda.<\/p>\n<p>En Twitter se dijo mucho y este es un resumen:<\/p>\n<blockquote class=\"twitter-tweet\"><p>Mierda, no llegamos m\u00e1s a Bs As, menos mal que al menos con STC2000 no se vuelve m\u00e1s a San Mart\u00edn MZA.<\/p>\n<p>\u2014 guillermo cejas (@fotoscejas) <a href=\"https:\/\/twitter.com\/fotoscejas\/statuses\/399939771012636673\">November 11, 2013<\/a><\/p><\/blockquote>\n<p>&nbsp;<\/p>\n<blockquote class=\"twitter-tweet\"><p>&#8220;Dije p\u00fablicamente que la intendencia y la gobernaci\u00f3n ten\u00edan que mejorar el aut\u00f3dromo. Vamos a pensar si volvemos&#8221; Pablo Pe\u00f3n.<\/p>\n<p>\u2014 M\u00e1xima Velocidad (@MVFOXSPORTS) <a href=\"https:\/\/twitter.com\/MVFOXSPORTS\/statuses\/399692465361276928\">November 11, 2013<\/a><\/p><\/blockquote>\n<p>&nbsp;<\/p>\n<blockquote class=\"twitter-tweet\"><p>Falta de recursos es una cosa, falta de inter\u00e9s es otra. Los ba\u00f1os de boxes eran un chiquero. Hab\u00eda yuyos de 40cm en la pared de boxes&#8230; \u2014 Diego Zorrero (@dzorrero) <a href=\"https:\/\/twitter.com\/dzorrero\/statuses\/399700735002431488\">November 11, 2013<\/a><\/p><\/blockquote>\n<blockquote class=\"twitter-tweet\"><p>Este nuevo problema con el aut\u00f3dromo de San Mart\u00edn muestra el mismo comportamiento de los dirigentes del Club que provoc\u00f3 problemas antes&#8230; \u2014 Diego Zorrero (@dzorrero) <a href=\"https:\/\/twitter.com\/dzorrero\/statuses\/399699813580951553\">November 11, 2013<\/a><\/p><\/blockquote>\n<p>&nbsp;<\/p>\n<blockquote class=\"twitter-tweet\"><p>Lo coment\u00e9 hoy en la transmisi\u00f3n de radio. Tuve un dejav\u00fa. Mendoza se qued\u00f3 sin el aut\u00f3dromo de la capital por soberbia de sus dirigentes.<\/p>\n<p>\u2014 Diego Zorrero (@dzorrero) <a href=\"https:\/\/twitter.com\/dzorrero\/statuses\/399699145415340032\">November 11, 2013<\/a><\/p><\/blockquote>\n<p>&nbsp;<\/p>\n<blockquote class=\"twitter-tweet\"><p>Pe\u00f3n: Otra vez volvemos a tener problemas con el Aut\u00f3dromo de Mendoza, no cumplen con las cosas que estaban pactadas.<\/p>\n<p>\u2014 Largaron Radio \/ TV (@LargaronOK) <a href=\"https:\/\/twitter.com\/LargaronOK\/statuses\/399202672516943872\">November 9, 2013<\/a><\/p><\/blockquote>\n<p>&nbsp;<\/p>\n<blockquote class=\"twitter-tweet\"><p>Pe\u00f3n: El a\u00f1o pasado nos tuvimos que hacer cargo hasta de la lavandina de los ba\u00f1os.<\/p>\n<p>\u2014 Largaron Radio \/ TV (@LargaronOK) <a href=\"https:\/\/twitter.com\/LargaronOK\/statuses\/399202784857174016\">November 9, 2013<\/a><\/p><\/blockquote>\n<p>&nbsp;<\/p>\n<blockquote class=\"twitter-tweet\"><p>Pe\u00f3n: Este a\u00f1o tuvimos que mandar gente que limpie la basura del recital del Indio Solari.<\/p>\n<p>\u2014 Largaron Radio \/ TV (@LargaronOK) <a href=\"https:\/\/twitter.com\/LargaronOK\/statuses\/399202849415892993\">November 9, 2013<\/a><\/p><\/blockquote>\n<p>&nbsp;<\/p>\n<blockquote class=\"twitter-tweet\"><p>Pe\u00f3n: Si eso no cambia es probable que no vengamos m\u00e1s, ya es una cuesti\u00f3n de respeto.<\/p>\n<p>\u2014 Largaron Radio \/ TV (@LargaronOK) <a href=\"https:\/\/twitter.com\/LargaronOK\/statuses\/399202915031580672\">November 9, 2013<\/a><\/p><\/blockquote>\n<blockquote class=\"twitter-tweet\"><p><a href=\"https:\/\/twitter.com\/search?q=%23STC2000&amp;src=hash\">#STC2000<\/a> Pablo Pe\u00f3n fue muy duro en sus cr\u00edticas al circuito de San Mart\u00edn. Dio a entender que con esta gente no tratar\u00e1 m\u00e1s.<\/p>\n<p>\u2014 Diego Zorrero (@dzorrero) <a href=\"https:\/\/twitter.com\/dzorrero\/statuses\/399478835844227072\">November 10, 2013<\/a><\/p><\/blockquote>\n<p>&nbsp;<\/p>\n","protected":false},"excerpt":{"rendered":"<p>El primero en ser cr\u00edtico con el administrador del Aut\u00f3dromo de San Mart\u00edn (Mendoza) fue<\/p>\n","protected":false},"author":1,"featured_media":9785,"comment_status":"open","ping_status":"closed","sticky":false,"template":"","format":"standard","meta":{"footnotes":""},"categories":[6],"tags":[],"class_list":["post-9784","post","type-post","status-publish","format-standard","has-post-thumbnail","hentry","category-nacionales"],"featured_image_urls":{"full":["https:\/\/curva1.com.ar\/wp-content\/uploads\/2013\/11\/IMG_2226.jpg",500,281,false],"thumbnail":["https:\/\/curva1.com.ar\/wp-content\/uploads\/2013\/11\/IMG_2226-300x169.jpg",300,169,true],"medium":["https:\/\/curva1.com.ar\/wp-content\/uploads\/2013\/11\/IMG_2226.jpg",500,281,false],"medium_large":["https:\/\/curva1.com.ar\/wp-content\/uploads\/2013\/11\/IMG_2226.jpg",500,281,false],"large":["https:\/\/curva1.com.ar\/wp-content\/uploads\/2013\/11\/IMG_2226.jpg",500,281,false],"1536x1536":["https:\/\/curva1.com.ar\/wp-content\/uploads\/2013\/11\/IMG_2226.jpg",500,281,false],"2048x2048":["https:\/\/curva1.com.ar\/wp-content\/uploads\/2013\/11\/IMG_2226.jpg",500,281,false],"chromenews-featured":["https:\/\/curva1.com.ar\/wp-content\/uploads\/2013\/11\/IMG_2226.jpg",500,281,false],"chromenews-large":["https:\/\/curva1.com.ar\/wp-content\/uploads\/2013\/11\/IMG_2226.jpg",500,281,false],"chromenews-medium":["https:\/\/curva1.com.ar\/wp-content\/uploads\/2013\/11\/IMG_2226.jpg",500,281,false]},"author_info":{"display_name":"Jos\u00e9 Bravo","author_link":"https:\/\/curva1.com.ar\/?author=1"},"category_info":"<a href=\"https:\/\/curva1.com.ar\/?cat=6\" rel=\"category\">Nacionales<\/a>","tag_info":"Nacionales","comment_count":"0","_links":{"self":[{"href":"https:\/\/curva1.com.ar\/index.php?rest_route=\/wp\/v2\/posts\/9784","targetHints":{"allow":["GET"]}}],"collection":[{"href":"https:\/\/curva1.com.ar\/index.php?rest_route=\/wp\/v2\/posts"}],"about":[{"href":"https:\/\/curva1.com.ar\/index.php?rest_route=\/wp\/v2\/types\/post"}],"author":[{"embeddable":true,"href":"https:\/\/curva1.com.ar\/index.php?rest_route=\/wp\/v2\/users\/1"}],"replies":[{"embeddable":true,"href":"https:\/\/curva1.com.ar\/index.php?rest_route=%2Fwp%2Fv2%2Fcomments&post=9784"}],"version-history":[{"count":6,"href":"https:\/\/curva1.com.ar\/index.php?rest_route=\/wp\/v2\/posts\/9784\/revisions"}],"predecessor-version":[{"id":9797,"href":"https:\/\/curva1.com.ar\/index.php?rest_route=\/wp\/v2\/posts\/9784\/revisions\/9797"}],"wp:featuredmedia":[{"embeddable":true,"href":"https:\/\/curva1.com.ar\/index.php?rest_route=\/wp\/v2\/media\/9785"}],"wp:attachment":[{"href":"https:\/\/curva1.com.ar\/index.php?rest_route=%2Fwp%2Fv2%2Fmedia&parent=9784"}],"wp:term":[{"taxonomy":"category","embeddable":true,"href":"https:\/\/curva1.com.ar\/index.php?rest_route=%2Fwp%2Fv2%2Fcategories&post=9784"},{"taxonomy":"post_tag","embeddable":true,"href":"https:\/\/curva1.com.ar\/index.php?rest_route=%2Fwp%2Fv2%2Ftags&post=9784"}],"curies":[{"name":"wp","href":"https:\/\/api.w.org\/{rel}","templated":true}]}}