{"id":9808,"date":"2013-11-12T11:09:12","date_gmt":"2013-11-12T14:09:12","guid":{"rendered":"http:\/\/www.curva1.com.ar\/?p=9808"},"modified":"2013-11-12T11:09:12","modified_gmt":"2013-11-12T14:09:12","slug":"bajas-y-debut-en-la-penultima-fecha-del-turismo-pista-1100","status":"publish","type":"post","link":"https:\/\/curva1.com.ar\/?p=9808","title":{"rendered":"Bajas y debut en la pen\u00faltima fecha del Turismo Pista 1100"},"content":{"rendered":"<p><img loading=\"lazy\" decoding=\"async\" class=\"aligncenter size-full wp-image-9809\" alt=\"IMG_0047\" src=\"http:\/\/www.curva1.com.ar\/wp-content\/uploads\/2013\/11\/IMG_0047.jpg\" width=\"500\" height=\"281\" srcset=\"https:\/\/curva1.com.ar\/wp-content\/uploads\/2013\/11\/IMG_0047.jpg 500w, https:\/\/curva1.com.ar\/wp-content\/uploads\/2013\/11\/IMG_0047-300x169.jpg 300w\" sizes=\"auto, (max-width: 500px) 100vw, 500px\" \/><\/p>\n<p>El finde se corre una nueva fecha del Zonal Cuyano de Pista y entre las novedades se encuentra el debut de Facundo Uzarralde, piloto que hab\u00eda competido anteriormente en la Clase 2 y ahora se incorpora al TP 1100.<\/p>\n<p>Por otro lado, Omar Marich confirm\u00f3 su ausencia debido a un compromiso personal, mientras que Javier Nani tampoco estar\u00e1 en pista, ya que se recupera de una intervenci\u00f3n quir\u00fargica.<\/p>\n","protected":false},"excerpt":{"rendered":"<p>El finde se corre una nueva fecha del Zonal Cuyano de Pista y entre las<\/p>\n","protected":false},"author":1,"featured_media":9809,"comment_status":"open","ping_status":"closed","sticky":false,"template":"","format":"standard","meta":{"footnotes":""},"categories":[1],"tags":[],"class_list":["post-9808","post","type-post","status-publish","format-standard","has-post-thumbnail","hentry","category-zonal-cuyano"],"featured_image_urls":{"full":["https:\/\/curva1.com.ar\/wp-content\/uploads\/2013\/11\/IMG_0047.jpg",500,281,false],"thumbnail":["https:\/\/curva1.com.ar\/wp-content\/uploads\/2013\/11\/IMG_0047-300x169.jpg",300,169,true],"medium":["https:\/\/curva1.com.ar\/wp-content\/uploads\/2013\/11\/IMG_0047.jpg",500,281,false],"medium_large":["https:\/\/curva1.com.ar\/wp-content\/uploads\/2013\/11\/IMG_0047.jpg",500,281,false],"large":["https:\/\/curva1.com.ar\/wp-content\/uploads\/2013\/11\/IMG_0047.jpg",500,281,false],"1536x1536":["https:\/\/curva1.com.ar\/wp-content\/uploads\/2013\/11\/IMG_0047.jpg",500,281,false],"2048x2048":["https:\/\/curva1.com.ar\/wp-content\/uploads\/2013\/11\/IMG_0047.jpg",500,281,false],"chromenews-featured":["https:\/\/curva1.com.ar\/wp-content\/uploads\/2013\/11\/IMG_0047.jpg",500,281,false],"chromenews-large":["https:\/\/curva1.com.ar\/wp-content\/uploads\/2013\/11\/IMG_0047.jpg",500,281,false],"chromenews-medium":["https:\/\/curva1.com.ar\/wp-content\/uploads\/2013\/11\/IMG_0047.jpg",500,281,false]},"author_info":{"display_name":"Jos\u00e9 Bravo","author_link":"https:\/\/curva1.com.ar\/?author=1"},"category_info":"<a href=\"https:\/\/curva1.com.ar\/?cat=1\" rel=\"category\">Zonal Cuyano<\/a>","tag_info":"Zonal Cuyano","comment_count":"0","_links":{"self":[{"href":"https:\/\/curva1.com.ar\/index.php?rest_route=\/wp\/v2\/posts\/9808","targetHints":{"allow":["GET"]}}],"collection":[{"href":"https:\/\/curva1.com.ar\/index.php?rest_route=\/wp\/v2\/posts"}],"about":[{"href":"https:\/\/curva1.com.ar\/index.php?rest_route=\/wp\/v2\/types\/post"}],"author":[{"embeddable":true,"href":"https:\/\/curva1.com.ar\/index.php?rest_route=\/wp\/v2\/users\/1"}],"replies":[{"embeddable":true,"href":"https:\/\/curva1.com.ar\/index.php?rest_route=%2Fwp%2Fv2%2Fcomments&post=9808"}],"version-history":[{"count":2,"href":"https:\/\/curva1.com.ar\/index.php?rest_route=\/wp\/v2\/posts\/9808\/revisions"}],"predecessor-version":[{"id":9832,"href":"https:\/\/curva1.com.ar\/index.php?rest_route=\/wp\/v2\/posts\/9808\/revisions\/9832"}],"wp:featuredmedia":[{"embeddable":true,"href":"https:\/\/curva1.com.ar\/index.php?rest_route=\/wp\/v2\/media\/9809"}],"wp:attachment":[{"href":"https:\/\/curva1.com.ar\/index.php?rest_route=%2Fwp%2Fv2%2Fmedia&parent=9808"}],"wp:term":[{"taxonomy":"category","embeddable":true,"href":"https:\/\/curva1.com.ar\/index.php?rest_route=%2Fwp%2Fv2%2Fcategories&post=9808"},{"taxonomy":"post_tag","embeddable":true,"href":"https:\/\/curva1.com.ar\/index.php?rest_route=%2Fwp%2Fv2%2Ftags&post=9808"}],"curies":[{"name":"wp","href":"https:\/\/api.w.org\/{rel}","templated":true}]}}