{"id":984,"date":"2012-09-05T14:28:19","date_gmt":"2012-09-05T17:28:19","guid":{"rendered":"http:\/\/www.curva1.com.ar\/?p=984"},"modified":"2012-09-05T14:28:19","modified_gmt":"2012-09-05T17:28:19","slug":"conferencias-de-prensa-de-los-pilotos-del-stc-2000-en-mendoza","status":"publish","type":"post","link":"https:\/\/curva1.com.ar\/?p=984","title":{"rendered":"Conferencias de prensa de los pilotos del STC 2000 en Mendoza"},"content":{"rendered":"<p><img loading=\"lazy\" decoding=\"async\" class=\"alignright size-full wp-image-985\" title=\"COgfNF\" src=\"http:\/\/www.curva1.com.ar\/wp-content\/uploads\/2012\/09\/COgfNF.jpg\" alt=\"\" width=\"331\" height=\"186\" srcset=\"https:\/\/curva1.com.ar\/wp-content\/uploads\/2012\/09\/COgfNF.jpg 331w, https:\/\/curva1.com.ar\/wp-content\/uploads\/2012\/09\/COgfNF-300x168.jpg 300w\" sizes=\"auto, (max-width: 331px) 100vw, 331px\" \/>Como en cada visita de S\u00faper TC2000, las escuder\u00edas llevar\u00e1n a cabo distintos encuentros con los medios de prensa en la ciudad de San Mart\u00edn y alrededores, cumpliendo con la 8va etapa del1\u00b0 Campeonato Argentino de S\u00faper TC2000 que se disputar\u00e1 en el aut\u00f3dromo Jorge \u00c1ngel Pena de Mendoza este fin de semana.<strong><\/p>\n<p><span style=\"text-decoration: underline;\">Equipo Oficial Chevrolet YPF:<\/span><br \/>\n<\/strong>D\u00eda: Viernes, 7 de Septiembre.<br \/>\nHora: 20:00 hs<br \/>\nLugar: Yacopini Motors S.A (Concesionario oficial Chevrolet)<br \/>\nDirecci\u00f3n: Av. San Mart\u00edn Sur 600, Godoy Cruz.<br \/>\nPresentes: Christian Ledesma,Agust\u00edn Canapino, directivos deEquipo Oficial Chevrolet y del concesionario Yacopini Motors S.A<strong><\/p>\n<p><span style=\"text-decoration: underline;\">Peugeot Cobra Team:\u00a0<\/span><br \/>\n<\/strong>D\u00eda: Viernes, 7 de Septiembre.<br \/>\nHora: 20:00 hs<br \/>\nLugar: Sur France S.A (Concesionario oficial Peugeot)<br \/>\nDirecci\u00f3n: Av. San Mart\u00edn 540, Godoy Cruz.<br \/>\nPresentes: Facundo Ardusso, N\u00e9stor Girolami,Mat\u00edas Mu\u00f1oz Marchesi, directivos dePeugeot Cobra Team y del concesionario Sur France S.A.<strong><\/p>\n<p><span style=\"text-decoration: underline;\">Toyota Team Argentina:<\/span><br \/>\n<\/strong>D\u00eda: Viernes, 7 de Septiembre.<br \/>\nHora: 20:30 hs<br \/>\nLugar: Yacopini S.A (Concesionario oficial Toyota)<br \/>\nDirecci\u00f3n: Avenida San Mart\u00edn 1902, San Mart\u00edn.<br \/>\nPresentes: Mat\u00edas Rossi, Mariano Werner, directivos deTTA, Toyota Argentina y del concesionario Yacopini S.A.<strong><\/p>\n<p><span style=\"text-decoration: underline;\">Renault LoJack Team:<\/span><br \/>\n<\/strong>D\u00eda:Viernes,7 de Septiembre.<br \/>\nHora: 20:30 hs<br \/>\nLugar: Concesionario Mediterr\u00e1neo(Concesionario oficial Renault)<br \/>\nDirecci\u00f3n: Av. San Mart\u00edn 1955, Godoy Cruz.<br \/>\nPresentes: Guillermo Ortelli, Leonel Pern\u00eda,Mariano Altuna y Emiliano Spataro, directivos deRenault LoJack Team y del concesionario Mediterr\u00e1neo S.A.<strong><\/p>\n<p><span style=\"text-decoration: underline;\">Equipo Honda Petrobras:\u00a0<\/span><br \/>\n<\/strong>D\u00eda:Viernes,7 de Septiembre.<br \/>\nHora: 21:00 hs<br \/>\nLugar: Concesionario CARSUR (Concesionario oficial Honda)<br \/>\nDirecci\u00f3n: Av. San Mart\u00edn 598, Godoy Cruz.<br \/>\nPresentes: Ricardo Risatti y Gabriel Ponce de Le\u00f3n, directivos deHonda Petrobras y del concesionario CARSUR.<\/p>\n","protected":false},"excerpt":{"rendered":"<p>Como en cada visita de S\u00faper TC2000, las escuder\u00edas llevar\u00e1n a cabo distintos encuentros con<\/p>\n","protected":false},"author":1,"featured_media":985,"comment_status":"open","ping_status":"closed","sticky":false,"template":"","format":"standard","meta":{"footnotes":""},"categories":[6],"tags":[],"class_list":["post-984","post","type-post","status-publish","format-standard","has-post-thumbnail","hentry","category-nacionales"],"featured_image_urls":{"full":["https:\/\/curva1.com.ar\/wp-content\/uploads\/2012\/09\/COgfNF.jpg",331,186,false],"thumbnail":["https:\/\/curva1.com.ar\/wp-content\/uploads\/2012\/09\/COgfNF-150x150.jpg",150,150,true],"medium":["https:\/\/curva1.com.ar\/wp-content\/uploads\/2012\/09\/COgfNF-300x168.jpg",300,168,true],"medium_large":["https:\/\/curva1.com.ar\/wp-content\/uploads\/2012\/09\/COgfNF.jpg",331,186,false],"large":["https:\/\/curva1.com.ar\/wp-content\/uploads\/2012\/09\/COgfNF.jpg",331,186,false],"1536x1536":["https:\/\/curva1.com.ar\/wp-content\/uploads\/2012\/09\/COgfNF.jpg",331,186,false],"2048x2048":["https:\/\/curva1.com.ar\/wp-content\/uploads\/2012\/09\/COgfNF.jpg",331,186,false],"chromenews-featured":["https:\/\/curva1.com.ar\/wp-content\/uploads\/2012\/09\/COgfNF.jpg",331,186,false],"chromenews-large":["https:\/\/curva1.com.ar\/wp-content\/uploads\/2012\/09\/COgfNF.jpg",331,186,false],"chromenews-medium":["https:\/\/curva1.com.ar\/wp-content\/uploads\/2012\/09\/COgfNF.jpg",331,186,false]},"author_info":{"display_name":"Jos\u00e9 Bravo","author_link":"https:\/\/curva1.com.ar\/?author=1"},"category_info":"<a href=\"https:\/\/curva1.com.ar\/?cat=6\" rel=\"category\">Nacionales<\/a>","tag_info":"Nacionales","comment_count":"0","_links":{"self":[{"href":"https:\/\/curva1.com.ar\/index.php?rest_route=\/wp\/v2\/posts\/984","targetHints":{"allow":["GET"]}}],"collection":[{"href":"https:\/\/curva1.com.ar\/index.php?rest_route=\/wp\/v2\/posts"}],"about":[{"href":"https:\/\/curva1.com.ar\/index.php?rest_route=\/wp\/v2\/types\/post"}],"author":[{"embeddable":true,"href":"https:\/\/curva1.com.ar\/index.php?rest_route=\/wp\/v2\/users\/1"}],"replies":[{"embeddable":true,"href":"https:\/\/curva1.com.ar\/index.php?rest_route=%2Fwp%2Fv2%2Fcomments&post=984"}],"version-history":[{"count":2,"href":"https:\/\/curva1.com.ar\/index.php?rest_route=\/wp\/v2\/posts\/984\/revisions"}],"predecessor-version":[{"id":987,"href":"https:\/\/curva1.com.ar\/index.php?rest_route=\/wp\/v2\/posts\/984\/revisions\/987"}],"wp:featuredmedia":[{"embeddable":true,"href":"https:\/\/curva1.com.ar\/index.php?rest_route=\/wp\/v2\/media\/985"}],"wp:attachment":[{"href":"https:\/\/curva1.com.ar\/index.php?rest_route=%2Fwp%2Fv2%2Fmedia&parent=984"}],"wp:term":[{"taxonomy":"category","embeddable":true,"href":"https:\/\/curva1.com.ar\/index.php?rest_route=%2Fwp%2Fv2%2Fcategories&post=984"},{"taxonomy":"post_tag","embeddable":true,"href":"https:\/\/curva1.com.ar\/index.php?rest_route=%2Fwp%2Fv2%2Ftags&post=984"}],"curies":[{"name":"wp","href":"https:\/\/api.w.org\/{rel}","templated":true}]}}