{"id":9870,"date":"2013-11-13T14:56:00","date_gmt":"2013-11-13T17:56:00","guid":{"rendered":"http:\/\/www.curva1.com.ar\/?p=9870"},"modified":"2013-11-13T14:58:35","modified_gmt":"2013-11-13T17:58:35","slug":"lautaro-estrada-viaja-al-coronacion-de-la-formula-renault-plus-con-su-amigo-julian-santero","status":"publish","type":"post","link":"https:\/\/curva1.com.ar\/?p=9870","title":{"rendered":"Lautaro Estrada viaja al coronaci\u00f3n de la F\u00f3rmula Renault Plus con su amigo Juli\u00e1n Santero"},"content":{"rendered":"<p><img loading=\"lazy\" decoding=\"async\" class=\"aligncenter size-full wp-image-9871\" alt=\"gal-554046\" src=\"http:\/\/www.curva1.com.ar\/wp-content\/uploads\/2013\/11\/gal-554046.jpg\" width=\"500\" height=\"281\" srcset=\"https:\/\/curva1.com.ar\/wp-content\/uploads\/2013\/11\/gal-554046.jpg 500w, https:\/\/curva1.com.ar\/wp-content\/uploads\/2013\/11\/gal-554046-300x169.jpg 300w\" sizes=\"auto, (max-width: 500px) 100vw, 500px\" \/><\/p>\n<p>Este jueves pr\u00f3ximo junto a su amigo Julian Santero en horas de la tarde parte a C\u00f3rdoba, mas precisamente Alta Gracia &#8220;Oscar Cabalen&#8221; a disputar la ultima fecha del Campeonato de Formula Renault Plus.<\/p>\n<div>La actividad comienza el d\u00eda viernes 10:50 hs Tandas de entrenamientos. 17:10 hs Clasificaci\u00f3n. S\u00e1bado: entrenamientos 9:00 hs y 16:40 2da Clasificaci\u00f3n Domingo 8:30 hs Carrera final.<\/div>\n<div>Es importante aclarar que ser\u00e1n teloneros del Turismo Nacional.<\/div>\n<div>Tambi\u00e9n les contamos que en el mes de diciembre la categor\u00eda ha premiado a los pilotos que han corrido mas de 10 carreras con un viaje a Punta Cana 7 noches totalmente gratuito para todos lo pilotos.<\/div>\n<div><\/div>\n<div><strong>&#8220;Voy con la expectativa de seguir siendo el mejor debutante del a\u00f1o y con la convicci\u00f3n de que el a\u00f1o pr\u00f3ximo vamos a estar entre los cinco mejores, para eso hemos trabajado junto a Croizet Racing muy duro durante este a\u00f1o conociendo autodromos y fundamentalmente conociendo el auto y la categor\u00eda&#8221; <\/strong>dijo Estrada, que agradeci\u00f3 a <strong>&#8220;Mendoza Esp\u00edritu Grande, Municipalidad de Godoy Cruz. SyS Acero Federal seguros, Mendoza Fundacional y MS Plotters&#8221;.<\/strong><\/div>\n<div><\/div>\n<div><img loading=\"lazy\" decoding=\"async\" class=\"aligncenter size-full wp-image-9873\" alt=\"foto lautaro 4\" src=\"http:\/\/www.curva1.com.ar\/wp-content\/uploads\/2013\/11\/foto-lautaro-4.jpg\" width=\"500\" height=\"281\" srcset=\"https:\/\/curva1.com.ar\/wp-content\/uploads\/2013\/11\/foto-lautaro-4.jpg 500w, https:\/\/curva1.com.ar\/wp-content\/uploads\/2013\/11\/foto-lautaro-4-300x169.jpg 300w\" sizes=\"auto, (max-width: 500px) 100vw, 500px\" \/><\/div>\n","protected":false},"excerpt":{"rendered":"<p>Este jueves pr\u00f3ximo junto a su amigo Julian Santero en horas de la tarde parte<\/p>\n","protected":false},"author":1,"featured_media":9871,"comment_status":"open","ping_status":"closed","sticky":false,"template":"","format":"standard","meta":{"footnotes":""},"categories":[6],"tags":[],"class_list":["post-9870","post","type-post","status-publish","format-standard","has-post-thumbnail","hentry","category-nacionales"],"featured_image_urls":{"full":["https:\/\/curva1.com.ar\/wp-content\/uploads\/2013\/11\/gal-554046.jpg",500,281,false],"thumbnail":["https:\/\/curva1.com.ar\/wp-content\/uploads\/2013\/11\/gal-554046-300x169.jpg",300,169,true],"medium":["https:\/\/curva1.com.ar\/wp-content\/uploads\/2013\/11\/gal-554046.jpg",500,281,false],"medium_large":["https:\/\/curva1.com.ar\/wp-content\/uploads\/2013\/11\/gal-554046.jpg",500,281,false],"large":["https:\/\/curva1.com.ar\/wp-content\/uploads\/2013\/11\/gal-554046.jpg",500,281,false],"1536x1536":["https:\/\/curva1.com.ar\/wp-content\/uploads\/2013\/11\/gal-554046.jpg",500,281,false],"2048x2048":["https:\/\/curva1.com.ar\/wp-content\/uploads\/2013\/11\/gal-554046.jpg",500,281,false],"chromenews-featured":["https:\/\/curva1.com.ar\/wp-content\/uploads\/2013\/11\/gal-554046.jpg",500,281,false],"chromenews-large":["https:\/\/curva1.com.ar\/wp-content\/uploads\/2013\/11\/gal-554046.jpg",500,281,false],"chromenews-medium":["https:\/\/curva1.com.ar\/wp-content\/uploads\/2013\/11\/gal-554046.jpg",500,281,false]},"author_info":{"display_name":"Jos\u00e9 Bravo","author_link":"https:\/\/curva1.com.ar\/?author=1"},"category_info":"<a href=\"https:\/\/curva1.com.ar\/?cat=6\" rel=\"category\">Nacionales<\/a>","tag_info":"Nacionales","comment_count":"0","_links":{"self":[{"href":"https:\/\/curva1.com.ar\/index.php?rest_route=\/wp\/v2\/posts\/9870","targetHints":{"allow":["GET"]}}],"collection":[{"href":"https:\/\/curva1.com.ar\/index.php?rest_route=\/wp\/v2\/posts"}],"about":[{"href":"https:\/\/curva1.com.ar\/index.php?rest_route=\/wp\/v2\/types\/post"}],"author":[{"embeddable":true,"href":"https:\/\/curva1.com.ar\/index.php?rest_route=\/wp\/v2\/users\/1"}],"replies":[{"embeddable":true,"href":"https:\/\/curva1.com.ar\/index.php?rest_route=%2Fwp%2Fv2%2Fcomments&post=9870"}],"version-history":[{"count":3,"href":"https:\/\/curva1.com.ar\/index.php?rest_route=\/wp\/v2\/posts\/9870\/revisions"}],"predecessor-version":[{"id":9875,"href":"https:\/\/curva1.com.ar\/index.php?rest_route=\/wp\/v2\/posts\/9870\/revisions\/9875"}],"wp:featuredmedia":[{"embeddable":true,"href":"https:\/\/curva1.com.ar\/index.php?rest_route=\/wp\/v2\/media\/9871"}],"wp:attachment":[{"href":"https:\/\/curva1.com.ar\/index.php?rest_route=%2Fwp%2Fv2%2Fmedia&parent=9870"}],"wp:term":[{"taxonomy":"category","embeddable":true,"href":"https:\/\/curva1.com.ar\/index.php?rest_route=%2Fwp%2Fv2%2Fcategories&post=9870"},{"taxonomy":"post_tag","embeddable":true,"href":"https:\/\/curva1.com.ar\/index.php?rest_route=%2Fwp%2Fv2%2Ftags&post=9870"}],"curies":[{"name":"wp","href":"https:\/\/api.w.org\/{rel}","templated":true}]}}