{"id":9881,"date":"2013-11-14T10:44:42","date_gmt":"2013-11-14T13:44:42","guid":{"rendered":"http:\/\/www.curva1.com.ar\/?p=9881"},"modified":"2013-11-14T10:46:54","modified_gmt":"2013-11-14T13:46:54","slug":"federico-cueito-preparado-para-buscar-su-segunda-victoria-en-el-tp-1100","status":"publish","type":"post","link":"https:\/\/curva1.com.ar\/?p=9881","title":{"rendered":"Federico Cueito preparado para buscar su segunda victoria en el TP 1100"},"content":{"rendered":"<p><img loading=\"lazy\" decoding=\"async\" class=\"aligncenter size-full wp-image-9883\" alt=\"IMG_8852\" src=\"http:\/\/www.curva1.com.ar\/wp-content\/uploads\/2013\/11\/IMG_8852.jpg\" width=\"500\" height=\"281\" srcset=\"https:\/\/curva1.com.ar\/wp-content\/uploads\/2013\/11\/IMG_8852.jpg 500w, https:\/\/curva1.com.ar\/wp-content\/uploads\/2013\/11\/IMG_8852-300x169.jpg 300w\" sizes=\"auto, (max-width: 500px) 100vw, 500px\" \/><\/p>\n<p>El \u00faltimo ganador de la categor\u00eda Turismo Pista 1100 del Zonal Cuyano (en San Lu\u00eds) se prepara para disputar la pen\u00faltima fecha en San Mart\u00edn.<\/p>\n<p><strong>&#8220;Estamos trabajando en el presupuesto, esta muy dificil la cosa, pero estaremos presentes en el Pena. M\u00e1s con la victoria en la ultima cita, que motiva muchisimo&#8221;<\/strong> explic\u00f3 Federico Cueito a Curva 1<\/p>\n<p>El tunuyanino dijo que es posible que est\u00e9 solo en el equipo de Ricardo Morales, ya que Javier Nani no puede correr por estar en un post operatorio.<\/p>\n","protected":false},"excerpt":{"rendered":"<p>El \u00faltimo ganador de la categor\u00eda Turismo Pista 1100 del Zonal Cuyano (en San Lu\u00eds)<\/p>\n","protected":false},"author":1,"featured_media":9883,"comment_status":"open","ping_status":"closed","sticky":false,"template":"","format":"standard","meta":{"footnotes":""},"categories":[1],"tags":[],"class_list":["post-9881","post","type-post","status-publish","format-standard","has-post-thumbnail","hentry","category-zonal-cuyano"],"featured_image_urls":{"full":["https:\/\/curva1.com.ar\/wp-content\/uploads\/2013\/11\/IMG_8852.jpg",500,281,false],"thumbnail":["https:\/\/curva1.com.ar\/wp-content\/uploads\/2013\/11\/IMG_8852-300x169.jpg",300,169,true],"medium":["https:\/\/curva1.com.ar\/wp-content\/uploads\/2013\/11\/IMG_8852.jpg",500,281,false],"medium_large":["https:\/\/curva1.com.ar\/wp-content\/uploads\/2013\/11\/IMG_8852.jpg",500,281,false],"large":["https:\/\/curva1.com.ar\/wp-content\/uploads\/2013\/11\/IMG_8852.jpg",500,281,false],"1536x1536":["https:\/\/curva1.com.ar\/wp-content\/uploads\/2013\/11\/IMG_8852.jpg",500,281,false],"2048x2048":["https:\/\/curva1.com.ar\/wp-content\/uploads\/2013\/11\/IMG_8852.jpg",500,281,false],"chromenews-featured":["https:\/\/curva1.com.ar\/wp-content\/uploads\/2013\/11\/IMG_8852.jpg",500,281,false],"chromenews-large":["https:\/\/curva1.com.ar\/wp-content\/uploads\/2013\/11\/IMG_8852.jpg",500,281,false],"chromenews-medium":["https:\/\/curva1.com.ar\/wp-content\/uploads\/2013\/11\/IMG_8852.jpg",500,281,false]},"author_info":{"display_name":"Jos\u00e9 Bravo","author_link":"https:\/\/curva1.com.ar\/?author=1"},"category_info":"<a href=\"https:\/\/curva1.com.ar\/?cat=1\" rel=\"category\">Zonal Cuyano<\/a>","tag_info":"Zonal Cuyano","comment_count":"0","_links":{"self":[{"href":"https:\/\/curva1.com.ar\/index.php?rest_route=\/wp\/v2\/posts\/9881","targetHints":{"allow":["GET"]}}],"collection":[{"href":"https:\/\/curva1.com.ar\/index.php?rest_route=\/wp\/v2\/posts"}],"about":[{"href":"https:\/\/curva1.com.ar\/index.php?rest_route=\/wp\/v2\/types\/post"}],"author":[{"embeddable":true,"href":"https:\/\/curva1.com.ar\/index.php?rest_route=\/wp\/v2\/users\/1"}],"replies":[{"embeddable":true,"href":"https:\/\/curva1.com.ar\/index.php?rest_route=%2Fwp%2Fv2%2Fcomments&post=9881"}],"version-history":[{"count":4,"href":"https:\/\/curva1.com.ar\/index.php?rest_route=\/wp\/v2\/posts\/9881\/revisions"}],"predecessor-version":[{"id":9886,"href":"https:\/\/curva1.com.ar\/index.php?rest_route=\/wp\/v2\/posts\/9881\/revisions\/9886"}],"wp:featuredmedia":[{"embeddable":true,"href":"https:\/\/curva1.com.ar\/index.php?rest_route=\/wp\/v2\/media\/9883"}],"wp:attachment":[{"href":"https:\/\/curva1.com.ar\/index.php?rest_route=%2Fwp%2Fv2%2Fmedia&parent=9881"}],"wp:term":[{"taxonomy":"category","embeddable":true,"href":"https:\/\/curva1.com.ar\/index.php?rest_route=%2Fwp%2Fv2%2Fcategories&post=9881"},{"taxonomy":"post_tag","embeddable":true,"href":"https:\/\/curva1.com.ar\/index.php?rest_route=%2Fwp%2Fv2%2Ftags&post=9881"}],"curies":[{"name":"wp","href":"https:\/\/api.w.org\/{rel}","templated":true}]}}