{"id":9888,"date":"2013-11-14T11:10:40","date_gmt":"2013-11-14T14:10:40","guid":{"rendered":"http:\/\/www.curva1.com.ar\/?p=9888"},"modified":"2013-11-14T11:13:31","modified_gmt":"2013-11-14T14:13:31","slug":"jorgito-vitar-clasifico-en-el-mundial-rotax-y-hoy-corre-dos-series-en-usa","status":"publish","type":"post","link":"https:\/\/curva1.com.ar\/?p=9888","title":{"rendered":"Jorgito Vitar clasific\u00f3 en el Mundial Rotax y hoy corre dos series"},"content":{"rendered":"<p><img loading=\"lazy\" decoding=\"async\" class=\"aligncenter size-full wp-image-9889\" alt=\"1459141_665981606759710_132232522_n\" src=\"http:\/\/www.curva1.com.ar\/wp-content\/uploads\/2013\/11\/1459141_665981606759710_132232522_n.jpg\" width=\"499\" height=\"281\" srcset=\"https:\/\/curva1.com.ar\/wp-content\/uploads\/2013\/11\/1459141_665981606759710_132232522_n.jpg 600w, https:\/\/curva1.com.ar\/wp-content\/uploads\/2013\/11\/1459141_665981606759710_132232522_n-300x169.jpg 300w, https:\/\/curva1.com.ar\/wp-content\/uploads\/2013\/11\/1459141_665981606759710_132232522_n-598x337.jpg 598w\" sizes=\"auto, (max-width: 499px) 100vw, 499px\" \/><\/p>\n<p>El piloto de Mendoza cumpli\u00f3 hoy con la segunda jornada en pista del Mundial de Karting Rotax 2013, que se est\u00e1 desarrollando desde el domingo en el Nola Motorsport Park de la ciudad de Nueva Orleans, en Estados Unidos.<\/p>\n<p>\u201cJorgito\u201d est\u00e1 competiendo en la categoria Senior con el n\u00famero 240, con chasis Sodi (origen franc\u00e9s), motores Rotax (origen austriaco) y neumat\u00edcos Mojo (origen alem\u00e1n). En su categor\u00eda, donde hay 72 inscriptos (<a href=\"http:\/\/vertrieb.karthandel.com\/eva\/race_teilnehmerliste.php?class=SEN\" target=\"_blank\"><strong>ver listado<\/strong><\/a>) y solamente 34 pilotos disputar\u00e1n la final.<\/p>\n<p>En el d\u00eda de ayer se realizaron tres pruebas, siendo dos de ellas cronometradas, ubic\u00e1ndose Vitar en el puesto 24\u00ba y 13\u00ba en la tanda de n\u00fameros pares.<\/p>\n<p>Hoy miercoles el comienzo fue auspicioso, ya \u00a0que en la primera salida a pista qued\u00f3 4\u00ba en su grupo y 5\u00ba en la general de tiempos, a solamente 215 mil\u00e9simas del m\u00e1s veloz, el irland\u00e9s Charlie Eastwood, actual campe\u00f3n mundial de la divisional.\u00a0En la segunda tanda se bajaron los tiempos general y Vitar qued\u00f3 8\u00ba y 15\u00ba en la general.<\/p>\n<p>El d\u00eda termin\u00f3 con la clasificaci\u00f3n oficial, donde sus rivales siguieron bajando tiempos y el mendocino qued\u00f3 ubicado 14\u00ba en su grupo (solo dio cinco vueltas y la clasifica se par\u00f3 por un accidente) y 39\u00ba en la tabla general, a 611 mil\u00e9simas del poleman, el espa\u00f1ol Carlos Gil. De los 72 pilotos, 56 se ubican dentro del segundo de clasificaci\u00f3n.<\/p>\n<p>Cada categor\u00eda se dividir\u00e1 en cuatro grupos para disputar ma\u00f1ana jueves las dos primeras series de la semana. El viernes se preve\u00e9 una tercera serie, para luego hacer cuentas y separar los pilotos que pasaran a la pre final y quienes disputar\u00e1n el repechaje, como \u00faltima instancia para ingresar a las competencias m\u00e1s importantes: la pre final y final.<\/p>\n<p>Jorge Vitar promete desde Nueva Orleans seguir luchando por dejar bien arriba el karting argentino y saluda a todos los que lo siguen desde su querida Mendoza.<\/p>\n<p><strong>Tabla de tiempos:<\/strong><\/p>\n<blockquote><p><a href=\"http:\/\/live2013.kart-data.com\/RGF\/PDF\/Non_Qualifying_Practice_2_Senior_even_Numbers.pdf\" target=\"_blank\"><strong>Pr\u00e1ctica 2<\/strong><\/a><\/p>\n<p><a href=\"http:\/\/live2013.kart-data.com\/RGF\/PDF\/Non_Qualifying_Practice_3_Senior_even_Numbers.pdf\" target=\"_blank\"><strong>Pr\u00e1ctica 3<\/strong><\/a><\/p>\n<p><a href=\"http:\/\/live2013.kart-data.com\/RGF\/PDF\/Non_Qualifying_Practice_4_Senior_even_Numbers.pdf\" target=\"_blank\"><strong>Pr\u00e1ctica 4<\/strong><\/a><\/p>\n<p><a href=\"http:\/\/live2013.kart-data.com\/RGF\/PDF\/Non_Qualifying_Practice_5_Senior_even_Numbers.pdf\" target=\"_blank\"><strong>Pr\u00e1ctica 5<\/strong><\/a><\/p>\n<p><a href=\"http:\/\/live2013.kart-data.com\/RGF\/PDF\/Qualifying_Practice_Senior_even_Numbers.pdf\" target=\"_blank\"><strong>Clasificaci\u00f3n Oficial<\/strong><\/a><\/p><\/blockquote>\n<p><strong>Enlaces \u00fatiles<\/strong><\/p>\n<blockquote><p><a href=\"http:\/\/www.race-monitor.com\/Live\/Race\/12136\" target=\"_blank\"><strong>Tiempos On Line y Horarios<\/strong><\/a><\/p>\n<p><a href=\"http:\/\/live2013.kart-data.com\/RGF\/\" target=\"_blank\"><strong>Resultados<\/strong><\/a><\/p>\n<p><a href=\"http:\/\/rgf-2013.kart-data.com\/\" target=\"_blank\"><strong>Transmisi\u00f3n HD en vivo<\/strong><\/a><\/p><\/blockquote>\n<p><span style=\"color: #0000ff;\"><strong>Para m\u00e1s informaci\u00f3n, visita la web oficial: <\/strong><\/span><\/p>\n<h2 style=\"text-align: center;\"><span style=\"color: #0000ff;\"><strong><a href=\"http:\/\/jorgevitar.com.ar\/\" target=\"_blank\"><span style=\"color: #0000ff;\">www.jorgevitar.com.ar <\/span><\/a><\/strong><\/span><\/h2>\n","protected":false},"excerpt":{"rendered":"<p>El piloto de Mendoza cumpli\u00f3 hoy con la segunda jornada en pista del Mundial de<\/p>\n","protected":false},"author":1,"featured_media":9889,"comment_status":"open","ping_status":"closed","sticky":false,"template":"","format":"standard","meta":{"footnotes":""},"categories":[4],"tags":[],"class_list":["post-9888","post","type-post","status-publish","format-standard","has-post-thumbnail","hentry","category-karting"],"featured_image_urls":{"full":["https:\/\/curva1.com.ar\/wp-content\/uploads\/2013\/11\/1459141_665981606759710_132232522_n.jpg",600,338,false],"thumbnail":["https:\/\/curva1.com.ar\/wp-content\/uploads\/2013\/11\/1459141_665981606759710_132232522_n-300x169.jpg",300,169,true],"medium":["https:\/\/curva1.com.ar\/wp-content\/uploads\/2013\/11\/1459141_665981606759710_132232522_n-598x337.jpg",598,337,true],"medium_large":["https:\/\/curva1.com.ar\/wp-content\/uploads\/2013\/11\/1459141_665981606759710_132232522_n.jpg",600,338,false],"large":["https:\/\/curva1.com.ar\/wp-content\/uploads\/2013\/11\/1459141_665981606759710_132232522_n.jpg",600,338,false],"1536x1536":["https:\/\/curva1.com.ar\/wp-content\/uploads\/2013\/11\/1459141_665981606759710_132232522_n.jpg",600,338,false],"2048x2048":["https:\/\/curva1.com.ar\/wp-content\/uploads\/2013\/11\/1459141_665981606759710_132232522_n.jpg",600,338,false],"chromenews-featured":["https:\/\/curva1.com.ar\/wp-content\/uploads\/2013\/11\/1459141_665981606759710_132232522_n.jpg",600,338,false],"chromenews-large":["https:\/\/curva1.com.ar\/wp-content\/uploads\/2013\/11\/1459141_665981606759710_132232522_n.jpg",600,338,false],"chromenews-medium":["https:\/\/curva1.com.ar\/wp-content\/uploads\/2013\/11\/1459141_665981606759710_132232522_n.jpg",590,332,false]},"author_info":{"display_name":"Jos\u00e9 Bravo","author_link":"https:\/\/curva1.com.ar\/?author=1"},"category_info":"<a href=\"https:\/\/curva1.com.ar\/?cat=4\" rel=\"category\">Karting Asfalto<\/a>","tag_info":"Karting Asfalto","comment_count":"0","yoast_head":"<!-- This site is optimized with the Yoast SEO Premium plugin v14.7 - https:\/\/yoast.com\/wordpress\/plugins\/seo\/ -->\n<title>Jorgito Vitar clasific\u00f3 en el Mundial Rotax y hoy corre dos series  - Curva 1<\/title>\n<meta name=\"robots\" content=\"index, follow\" \/>\n<meta name=\"googlebot\" content=\"index, follow, max-snippet:-1, max-image-preview:large, max-video-preview:-1\" \/>\n<meta name=\"bingbot\" content=\"index, follow, max-snippet:-1, max-image-preview:large, max-video-preview:-1\" \/>\n<link rel=\"canonical\" href=\"https:\/\/curva1.com.ar\/?p=9888\" \/>\n<meta property=\"og:locale\" content=\"en_US\" \/>\n<meta property=\"og:type\" content=\"article\" \/>\n<meta property=\"og:title\" content=\"Jorgito Vitar clasific\u00f3 en el Mundial Rotax y hoy corre dos series  - Curva 1\" \/>\n<meta property=\"og:description\" content=\"El piloto de Mendoza cumpli\u00f3 hoy con la segunda jornada en pista del Mundial de\" \/>\n<meta property=\"og:url\" content=\"https:\/\/curva1.com.ar\/?p=9888\" \/>\n<meta property=\"og:site_name\" content=\"Curva 1\" \/>\n<meta property=\"article:publisher\" content=\"https:\/\/www.facebook.com\/revistacurva1\/\" \/>\n<meta property=\"article:published_time\" content=\"2013-11-14T14:10:40+00:00\" \/>\n<meta property=\"article:modified_time\" content=\"2013-11-14T14:13:31+00:00\" \/>\n<meta property=\"og:image\" content=\"https:\/\/curva1.com.ar\/wp-content\/uploads\/2013\/11\/1459141_665981606759710_132232522_n.jpg\" \/>\n\t<meta property=\"og:image:width\" content=\"600\" \/>\n\t<meta property=\"og:image:height\" content=\"338\" \/>\n<meta property=\"fb:app_id\" content=\"1593067817533208\" \/>\n<meta name=\"twitter:card\" content=\"summary_large_image\" \/>\n<meta name=\"twitter:creator\" content=\"@curva1mendoza\" \/>\n<meta name=\"twitter:site\" content=\"@curva1mendoza\" \/>\n<script type=\"application\/ld+json\" class=\"yoast-schema-graph\">{\"@context\":\"https:\/\/schema.org\",\"@graph\":[{\"@type\":\"WebSite\",\"@id\":\"https:\/\/curva1.com.ar\/#website\",\"url\":\"https:\/\/curva1.com.ar\/\",\"name\":\"Curva 1\",\"description\":\"Automovilismo de Mendoza\",\"potentialAction\":[{\"@type\":\"SearchAction\",\"target\":\"https:\/\/curva1.com.ar\/?s={search_term_string}\",\"query-input\":\"required name=search_term_string\"}],\"inLanguage\":\"en-US\"},{\"@type\":\"ImageObject\",\"@id\":\"https:\/\/curva1.com.ar\/?p=9888#primaryimage\",\"inLanguage\":\"en-US\",\"url\":\"https:\/\/curva1.com.ar\/wp-content\/uploads\/2013\/11\/1459141_665981606759710_132232522_n.jpg\",\"width\":600,\"height\":338},{\"@type\":\"WebPage\",\"@id\":\"https:\/\/curva1.com.ar\/?p=9888#webpage\",\"url\":\"https:\/\/curva1.com.ar\/?p=9888\",\"name\":\"Jorgito Vitar clasific\\u00f3 en el Mundial Rotax y hoy corre dos series - Curva 1\",\"isPartOf\":{\"@id\":\"https:\/\/curva1.com.ar\/#website\"},\"primaryImageOfPage\":{\"@id\":\"https:\/\/curva1.com.ar\/?p=9888#primaryimage\"},\"datePublished\":\"2013-11-14T14:10:40+00:00\",\"dateModified\":\"2013-11-14T14:13:31+00:00\",\"author\":{\"@id\":\"https:\/\/curva1.com.ar\/#\/schema\/person\/f5fd12984d70df7314fbd9ab42f31033\"},\"inLanguage\":\"en-US\",\"potentialAction\":[{\"@type\":\"ReadAction\",\"target\":[\"https:\/\/curva1.com.ar\/?p=9888\"]}]},{\"@type\":[\"Person\"],\"@id\":\"https:\/\/curva1.com.ar\/#\/schema\/person\/f5fd12984d70df7314fbd9ab42f31033\",\"name\":\"Jos\\u00e9 Bravo\",\"image\":{\"@type\":\"ImageObject\",\"@id\":\"https:\/\/curva1.com.ar\/#personlogo\",\"inLanguage\":\"en-US\",\"url\":\"https:\/\/secure.gravatar.com\/avatar\/3ae0b1fdc6ddeb723a6e6c23609ed39de1d40a94b8112fd2c0c2032e2dabf28b?s=96&d=identicon&r=g\",\"caption\":\"Jos\\u00e9 Bravo\"}}]}<\/script>\n<!-- \/ Yoast SEO Premium plugin. -->","_links":{"self":[{"href":"https:\/\/curva1.com.ar\/index.php?rest_route=\/wp\/v2\/posts\/9888","targetHints":{"allow":["GET"]}}],"collection":[{"href":"https:\/\/curva1.com.ar\/index.php?rest_route=\/wp\/v2\/posts"}],"about":[{"href":"https:\/\/curva1.com.ar\/index.php?rest_route=\/wp\/v2\/types\/post"}],"author":[{"embeddable":true,"href":"https:\/\/curva1.com.ar\/index.php?rest_route=\/wp\/v2\/users\/1"}],"replies":[{"embeddable":true,"href":"https:\/\/curva1.com.ar\/index.php?rest_route=%2Fwp%2Fv2%2Fcomments&post=9888"}],"version-history":[{"count":2,"href":"https:\/\/curva1.com.ar\/index.php?rest_route=\/wp\/v2\/posts\/9888\/revisions"}],"predecessor-version":[{"id":9891,"href":"https:\/\/curva1.com.ar\/index.php?rest_route=\/wp\/v2\/posts\/9888\/revisions\/9891"}],"wp:featuredmedia":[{"embeddable":true,"href":"https:\/\/curva1.com.ar\/index.php?rest_route=\/wp\/v2\/media\/9889"}],"wp:attachment":[{"href":"https:\/\/curva1.com.ar\/index.php?rest_route=%2Fwp%2Fv2%2Fmedia&parent=9888"}],"wp:term":[{"taxonomy":"category","embeddable":true,"href":"https:\/\/curva1.com.ar\/index.php?rest_route=%2Fwp%2Fv2%2Fcategories&post=9888"},{"taxonomy":"post_tag","embeddable":true,"href":"https:\/\/curva1.com.ar\/index.php?rest_route=%2Fwp%2Fv2%2Ftags&post=9888"}],"curies":[{"name":"wp","href":"https:\/\/api.w.org\/{rel}","templated":true}]}}