{"id":989,"date":"2012-09-05T17:56:19","date_gmt":"2012-09-05T20:56:19","guid":{"rendered":"http:\/\/www.curva1.com.ar\/?p=989"},"modified":"2012-09-05T18:01:52","modified_gmt":"2012-09-05T21:01:52","slug":"berni-llaver-sera-apoyando-por-la-hincha-chacarera-en-el-stc-2000","status":"publish","type":"post","link":"https:\/\/curva1.com.ar\/?p=989","title":{"rendered":"Berni Llaver ser\u00e1 apoyando por hinchas chacareros en el Pena"},"content":{"rendered":"<p><img loading=\"lazy\" decoding=\"async\" class=\"aligncenter size-full wp-image-990\" title=\"DSC_0094\" src=\"http:\/\/www.curva1.com.ar\/wp-content\/uploads\/2012\/09\/DSC_0094.jpg\" alt=\"\" width=\"500\" height=\"281\" srcset=\"https:\/\/curva1.com.ar\/wp-content\/uploads\/2012\/09\/DSC_0094.jpg 500w, https:\/\/curva1.com.ar\/wp-content\/uploads\/2012\/09\/DSC_0094-300x168.jpg 300w\" sizes=\"auto, (max-width: 500px) 100vw, 500px\" \/><\/p>\n<p>El piloto sanmartiniano quiere ser torazo en su propio rodeo.<\/p>\n<p>Este fin de semana el Jorge \u00c1ngel Pena de nuestra ciudad se viste de gala para recibir al S\u00faper TC 2000.<br \/>\nEl departamento de General San Mart\u00edn, ya conocido como la capital del deporte mendocino por sus destacados deportistas y sus eventos de nivel internacional recibe a la categor\u00eda m\u00e1s tecnol\u00f3gica del automovilismo deportivo nacional.<\/p>\n<p>Es por ello que invitamos a todos los simpatizantes del Albirrojo a concurrir al aut\u00f3dromo con la camiseta y bandera del Atl\u00e9tico Club San Mart\u00edn para apoyar a Berni, fan\u00e1tico incondicional del Chacarero.<\/p>\n<p><img loading=\"lazy\" decoding=\"async\" class=\"aligncenter size-full wp-image-991\" title=\"DSC_0058\" src=\"http:\/\/www.curva1.com.ar\/wp-content\/uploads\/2012\/09\/DSC_0058.jpg\" alt=\"\" width=\"451\" height=\"600\" srcset=\"https:\/\/curva1.com.ar\/wp-content\/uploads\/2012\/09\/DSC_0058.jpg 451w, https:\/\/curva1.com.ar\/wp-content\/uploads\/2012\/09\/DSC_0058-225x300.jpg 225w\" sizes=\"auto, (max-width: 451px) 100vw, 451px\" \/><img loading=\"lazy\" decoding=\"async\" class=\"aligncenter size-full wp-image-992\" title=\"DSC_0013\" src=\"http:\/\/www.curva1.com.ar\/wp-content\/uploads\/2012\/09\/DSC_0013.jpg\" alt=\"\" width=\"500\" height=\"281\" srcset=\"https:\/\/curva1.com.ar\/wp-content\/uploads\/2012\/09\/DSC_0013.jpg 500w, https:\/\/curva1.com.ar\/wp-content\/uploads\/2012\/09\/DSC_0013-300x168.jpg 300w\" sizes=\"auto, (max-width: 500px) 100vw, 500px\" \/><\/p>\n","protected":false},"excerpt":{"rendered":"<p>El piloto sanmartiniano quiere ser torazo en su propio rodeo. Este fin de semana el<\/p>\n","protected":false},"author":1,"featured_media":990,"comment_status":"open","ping_status":"closed","sticky":false,"template":"","format":"standard","meta":{"footnotes":""},"categories":[6],"tags":[],"class_list":["post-989","post","type-post","status-publish","format-standard","has-post-thumbnail","hentry","category-nacionales"],"featured_image_urls":{"full":["https:\/\/curva1.com.ar\/wp-content\/uploads\/2012\/09\/DSC_0094.jpg",500,281,false],"thumbnail":["https:\/\/curva1.com.ar\/wp-content\/uploads\/2012\/09\/DSC_0094-150x150.jpg",150,150,true],"medium":["https:\/\/curva1.com.ar\/wp-content\/uploads\/2012\/09\/DSC_0094-300x168.jpg",300,168,true],"medium_large":["https:\/\/curva1.com.ar\/wp-content\/uploads\/2012\/09\/DSC_0094.jpg",500,281,false],"large":["https:\/\/curva1.com.ar\/wp-content\/uploads\/2012\/09\/DSC_0094.jpg",500,281,false],"1536x1536":["https:\/\/curva1.com.ar\/wp-content\/uploads\/2012\/09\/DSC_0094.jpg",500,281,false],"2048x2048":["https:\/\/curva1.com.ar\/wp-content\/uploads\/2012\/09\/DSC_0094.jpg",500,281,false],"chromenews-featured":["https:\/\/curva1.com.ar\/wp-content\/uploads\/2012\/09\/DSC_0094.jpg",500,281,false],"chromenews-large":["https:\/\/curva1.com.ar\/wp-content\/uploads\/2012\/09\/DSC_0094.jpg",500,281,false],"chromenews-medium":["https:\/\/curva1.com.ar\/wp-content\/uploads\/2012\/09\/DSC_0094.jpg",500,281,false]},"author_info":{"display_name":"Jos\u00e9 Bravo","author_link":"https:\/\/curva1.com.ar\/?author=1"},"category_info":"<a href=\"https:\/\/curva1.com.ar\/?cat=6\" rel=\"category\">Nacionales<\/a>","tag_info":"Nacionales","comment_count":"0","_links":{"self":[{"href":"https:\/\/curva1.com.ar\/index.php?rest_route=\/wp\/v2\/posts\/989","targetHints":{"allow":["GET"]}}],"collection":[{"href":"https:\/\/curva1.com.ar\/index.php?rest_route=\/wp\/v2\/posts"}],"about":[{"href":"https:\/\/curva1.com.ar\/index.php?rest_route=\/wp\/v2\/types\/post"}],"author":[{"embeddable":true,"href":"https:\/\/curva1.com.ar\/index.php?rest_route=\/wp\/v2\/users\/1"}],"replies":[{"embeddable":true,"href":"https:\/\/curva1.com.ar\/index.php?rest_route=%2Fwp%2Fv2%2Fcomments&post=989"}],"version-history":[{"count":4,"href":"https:\/\/curva1.com.ar\/index.php?rest_route=\/wp\/v2\/posts\/989\/revisions"}],"predecessor-version":[{"id":994,"href":"https:\/\/curva1.com.ar\/index.php?rest_route=\/wp\/v2\/posts\/989\/revisions\/994"}],"wp:featuredmedia":[{"embeddable":true,"href":"https:\/\/curva1.com.ar\/index.php?rest_route=\/wp\/v2\/media\/990"}],"wp:attachment":[{"href":"https:\/\/curva1.com.ar\/index.php?rest_route=%2Fwp%2Fv2%2Fmedia&parent=989"}],"wp:term":[{"taxonomy":"category","embeddable":true,"href":"https:\/\/curva1.com.ar\/index.php?rest_route=%2Fwp%2Fv2%2Fcategories&post=989"},{"taxonomy":"post_tag","embeddable":true,"href":"https:\/\/curva1.com.ar\/index.php?rest_route=%2Fwp%2Fv2%2Ftags&post=989"}],"curies":[{"name":"wp","href":"https:\/\/api.w.org\/{rel}","templated":true}]}}