{"id":998,"date":"2012-09-06T11:18:03","date_gmt":"2012-09-06T14:18:03","guid":{"rendered":"http:\/\/www.curva1.com.ar\/?p=998"},"modified":"2012-09-06T11:21:31","modified_gmt":"2012-09-06T14:21:31","slug":"murio-victor-zucchini-el-piloto-de-rally-accidentado-en-lavalle","status":"publish","type":"post","link":"https:\/\/curva1.com.ar\/?p=998","title":{"rendered":"Muri\u00f3 V\u00edctor Zucchini, el piloto de rally accidentado en Lavalle"},"content":{"rendered":"<p><img loading=\"lazy\" decoding=\"async\" class=\"alignleft size-full wp-image-999\" title=\"gal-481052\" src=\"http:\/\/www.curva1.com.ar\/wp-content\/uploads\/2012\/09\/gal-481052.jpg\" alt=\"\" width=\"425\" height=\"283\" srcset=\"https:\/\/curva1.com.ar\/wp-content\/uploads\/2012\/09\/gal-481052.jpg 425w, https:\/\/curva1.com.ar\/wp-content\/uploads\/2012\/09\/gal-481052-300x199.jpg 300w\" sizes=\"auto, (max-width: 425px) 100vw, 425px\" \/>El cordob\u00e9s falleci\u00f3 esta madrugada tras permanecer cuatro d\u00edas internado en el hospital Espa\u00f1ol a ra\u00edz de un accidente sufrido a bordo de su UTV al embestir a un auto particular en Lavalle, cuando recorr\u00eda el tramo de enlace de la segunda etapa del Cross Country.<\/p>\n<p>El piloto cordob\u00e9s V\u00edctor Hugo Zucchini falleci\u00f3 luego de permanecer cuatro d\u00edas internado en el hospital Espa\u00f1ol a ra\u00edz de\u00a0<a href=\"http:\/\/www.losandes.com.ar\/notas\/2012\/9\/2\/piloto-rally-cross-country-choco-particular-lavalle-664625.asp\" target=\"_blank\">un accidente sufrido a bordo de su UTV al embestir a un auto particular en Lavalle<\/a>, cuando recorr\u00eda el tramo de enlace hacia la largada de la segunda etapa de la carrera de Cross Country disputada el \u00faltimo fin de semana en Mendoza.<\/p>\n<p>Seg\u00fan la \u00faltima informaci\u00f3n, Zucchini ten\u00eda una fractura en el f\u00e9mur que le produjo una infecci\u00f3n en\u00a0su sistema circulatorio. Debido a su condici\u00f3n de salud (ten\u00eda 5 by pass) y su estado general luego del accidente, el piloto cordob\u00e9s no pod\u00eda ser operado y permaneci\u00f3 hasta la noche de ayer en un coma inducido.<\/p>\n<p>Luego de su quinto By Pass en el a\u00f1o 2000, Zucchini hab\u00eda dejado el automovilismo, pasi\u00f3n que retom\u00f3 con la llegada del Dakar a Sudam\u00e9rica, para cumplir su sue\u00f1o. Si bien Zucchini participaba como piloto de las competencias de Cross Country, fue uno de los navegantes m\u00e1s destacados del rally argentino acompa\u00f1ando a Ernesto Soto, Carlos Menem (h), Juan Mar\u00eda Traverso y el paraguayo Alejandro Galanti, entre otros.<\/p>\n<p>Victor Hugo Zucchini, corri\u00f3 los mundiales de Argentina, Acr\u00f3polis, Catalu\u00f1a, el RAC Rally, Portugal, Turf de C\u00f3rcega, Nueva Zelanda, Chipre, Suecia y Australia entre los m\u00e1s importantes, llegando a ganar incluso junto a Carlos Menem Jr. el rally de Portugal a bordo de un Lancia Delta.<\/p>\n<p>Los Andes.<\/p>\n","protected":false},"excerpt":{"rendered":"<p>El cordob\u00e9s falleci\u00f3 esta madrugada tras permanecer cuatro d\u00edas internado en el hospital Espa\u00f1ol a<\/p>\n","protected":false},"author":1,"featured_media":999,"comment_status":"open","ping_status":"closed","sticky":false,"template":"","format":"standard","meta":{"footnotes":""},"categories":[6],"tags":[],"class_list":["post-998","post","type-post","status-publish","format-standard","has-post-thumbnail","hentry","category-nacionales"],"featured_image_urls":{"full":["https:\/\/curva1.com.ar\/wp-content\/uploads\/2012\/09\/gal-481052.jpg",425,283,false],"thumbnail":["https:\/\/curva1.com.ar\/wp-content\/uploads\/2012\/09\/gal-481052-150x150.jpg",150,150,true],"medium":["https:\/\/curva1.com.ar\/wp-content\/uploads\/2012\/09\/gal-481052-300x199.jpg",300,199,true],"medium_large":["https:\/\/curva1.com.ar\/wp-content\/uploads\/2012\/09\/gal-481052.jpg",425,283,false],"large":["https:\/\/curva1.com.ar\/wp-content\/uploads\/2012\/09\/gal-481052.jpg",425,283,false],"1536x1536":["https:\/\/curva1.com.ar\/wp-content\/uploads\/2012\/09\/gal-481052.jpg",425,283,false],"2048x2048":["https:\/\/curva1.com.ar\/wp-content\/uploads\/2012\/09\/gal-481052.jpg",425,283,false],"chromenews-featured":["https:\/\/curva1.com.ar\/wp-content\/uploads\/2012\/09\/gal-481052.jpg",425,283,false],"chromenews-large":["https:\/\/curva1.com.ar\/wp-content\/uploads\/2012\/09\/gal-481052.jpg",425,283,false],"chromenews-medium":["https:\/\/curva1.com.ar\/wp-content\/uploads\/2012\/09\/gal-481052.jpg",425,283,false]},"author_info":{"display_name":"Jos\u00e9 Bravo","author_link":"https:\/\/curva1.com.ar\/?author=1"},"category_info":"<a href=\"https:\/\/curva1.com.ar\/?cat=6\" rel=\"category\">Nacionales<\/a>","tag_info":"Nacionales","comment_count":"0","_links":{"self":[{"href":"https:\/\/curva1.com.ar\/index.php?rest_route=\/wp\/v2\/posts\/998","targetHints":{"allow":["GET"]}}],"collection":[{"href":"https:\/\/curva1.com.ar\/index.php?rest_route=\/wp\/v2\/posts"}],"about":[{"href":"https:\/\/curva1.com.ar\/index.php?rest_route=\/wp\/v2\/types\/post"}],"author":[{"embeddable":true,"href":"https:\/\/curva1.com.ar\/index.php?rest_route=\/wp\/v2\/users\/1"}],"replies":[{"embeddable":true,"href":"https:\/\/curva1.com.ar\/index.php?rest_route=%2Fwp%2Fv2%2Fcomments&post=998"}],"version-history":[{"count":3,"href":"https:\/\/curva1.com.ar\/index.php?rest_route=\/wp\/v2\/posts\/998\/revisions"}],"predecessor-version":[{"id":1001,"href":"https:\/\/curva1.com.ar\/index.php?rest_route=\/wp\/v2\/posts\/998\/revisions\/1001"}],"wp:featuredmedia":[{"embeddable":true,"href":"https:\/\/curva1.com.ar\/index.php?rest_route=\/wp\/v2\/media\/999"}],"wp:attachment":[{"href":"https:\/\/curva1.com.ar\/index.php?rest_route=%2Fwp%2Fv2%2Fmedia&parent=998"}],"wp:term":[{"taxonomy":"category","embeddable":true,"href":"https:\/\/curva1.com.ar\/index.php?rest_route=%2Fwp%2Fv2%2Fcategories&post=998"},{"taxonomy":"post_tag","embeddable":true,"href":"https:\/\/curva1.com.ar\/index.php?rest_route=%2Fwp%2Fv2%2Ftags&post=998"}],"curies":[{"name":"wp","href":"https:\/\/api.w.org\/{rel}","templated":true}]}}