{"id":9983,"date":"2013-11-29T22:33:59","date_gmt":"2013-11-30T01:33:59","guid":{"rendered":"http:\/\/www.curva1.com.ar\/?p=9983"},"modified":"2013-11-29T22:33:59","modified_gmt":"2013-11-30T01:33:59","slug":"el-dakar-2014-pasara-por-ocho-departamentos-de-la-provincia-de-mendoza","status":"publish","type":"post","link":"https:\/\/curva1.com.ar\/?p=9983","title":{"rendered":"El Dakar 2014 pasar\u00e1 por ocho departamentos de la provincia de Mendoza"},"content":{"rendered":"<p>Seg\u00fan nos inform\u00f3 Facundo Aguilera, el #Dakar2014 en Mendoza pasar\u00e1, en enlace y competencia, por los departamentos de <strong>La Paz, San Rafael, Malarg\u00fce, San Carlos, Tunuy\u00e1n, Tupungato, Luj\u00e1n y Las Heras.<\/strong><\/p>\n<p><img loading=\"lazy\" decoding=\"async\" class=\"aligncenter size-full wp-image-10000\" alt=\"1470278_674974049222105_94033096_n\" src=\"http:\/\/www.curva1.com.ar\/wp-content\/uploads\/2013\/11\/1470278_674974049222105_94033096_n.jpg\" width=\"358\" height=\"512\" srcset=\"https:\/\/curva1.com.ar\/wp-content\/uploads\/2013\/11\/1470278_674974049222105_94033096_n.jpg 358w, https:\/\/curva1.com.ar\/wp-content\/uploads\/2013\/11\/1470278_674974049222105_94033096_n-235x337.jpg 235w\" sizes=\"auto, (max-width: 358px) 100vw, 358px\" \/><\/p>\n","protected":false},"excerpt":{"rendered":"<p>Seg\u00fan nos inform\u00f3 Facundo Aguilera, el #Dakar2014 en Mendoza pasar\u00e1, en enlace y competencia, por<\/p>\n","protected":false},"author":1,"featured_media":10001,"comment_status":"open","ping_status":"closed","sticky":false,"template":"","format":"standard","meta":{"footnotes":""},"categories":[1],"tags":[],"class_list":["post-9983","post","type-post","status-publish","format-standard","has-post-thumbnail","hentry","category-zonal-cuyano"],"featured_image_urls":{"full":["https:\/\/curva1.com.ar\/wp-content\/uploads\/2013\/11\/faaaaa74049222105_94033096_n.jpg",358,201,false],"thumbnail":["https:\/\/curva1.com.ar\/wp-content\/uploads\/2013\/11\/faaaaa74049222105_94033096_n-300x169.jpg",300,169,true],"medium":["https:\/\/curva1.com.ar\/wp-content\/uploads\/2013\/11\/faaaaa74049222105_94033096_n.jpg",358,201,false],"medium_large":["https:\/\/curva1.com.ar\/wp-content\/uploads\/2013\/11\/faaaaa74049222105_94033096_n.jpg",358,201,false],"large":["https:\/\/curva1.com.ar\/wp-content\/uploads\/2013\/11\/faaaaa74049222105_94033096_n.jpg",358,201,false],"1536x1536":["https:\/\/curva1.com.ar\/wp-content\/uploads\/2013\/11\/faaaaa74049222105_94033096_n.jpg",358,201,false],"2048x2048":["https:\/\/curva1.com.ar\/wp-content\/uploads\/2013\/11\/faaaaa74049222105_94033096_n.jpg",358,201,false],"chromenews-featured":["https:\/\/curva1.com.ar\/wp-content\/uploads\/2013\/11\/faaaaa74049222105_94033096_n.jpg",358,201,false],"chromenews-large":["https:\/\/curva1.com.ar\/wp-content\/uploads\/2013\/11\/faaaaa74049222105_94033096_n.jpg",358,201,false],"chromenews-medium":["https:\/\/curva1.com.ar\/wp-content\/uploads\/2013\/11\/faaaaa74049222105_94033096_n.jpg",358,201,false]},"author_info":{"display_name":"Jos\u00e9 Bravo","author_link":"https:\/\/curva1.com.ar\/?author=1"},"category_info":"<a href=\"https:\/\/curva1.com.ar\/?cat=1\" rel=\"category\">Zonal Cuyano<\/a>","tag_info":"Zonal Cuyano","comment_count":"0","_links":{"self":[{"href":"https:\/\/curva1.com.ar\/index.php?rest_route=\/wp\/v2\/posts\/9983","targetHints":{"allow":["GET"]}}],"collection":[{"href":"https:\/\/curva1.com.ar\/index.php?rest_route=\/wp\/v2\/posts"}],"about":[{"href":"https:\/\/curva1.com.ar\/index.php?rest_route=\/wp\/v2\/types\/post"}],"author":[{"embeddable":true,"href":"https:\/\/curva1.com.ar\/index.php?rest_route=\/wp\/v2\/users\/1"}],"replies":[{"embeddable":true,"href":"https:\/\/curva1.com.ar\/index.php?rest_route=%2Fwp%2Fv2%2Fcomments&post=9983"}],"version-history":[{"count":1,"href":"https:\/\/curva1.com.ar\/index.php?rest_route=\/wp\/v2\/posts\/9983\/revisions"}],"predecessor-version":[{"id":10002,"href":"https:\/\/curva1.com.ar\/index.php?rest_route=\/wp\/v2\/posts\/9983\/revisions\/10002"}],"wp:featuredmedia":[{"embeddable":true,"href":"https:\/\/curva1.com.ar\/index.php?rest_route=\/wp\/v2\/media\/10001"}],"wp:attachment":[{"href":"https:\/\/curva1.com.ar\/index.php?rest_route=%2Fwp%2Fv2%2Fmedia&parent=9983"}],"wp:term":[{"taxonomy":"category","embeddable":true,"href":"https:\/\/curva1.com.ar\/index.php?rest_route=%2Fwp%2Fv2%2Fcategories&post=9983"},{"taxonomy":"post_tag","embeddable":true,"href":"https:\/\/curva1.com.ar\/index.php?rest_route=%2Fwp%2Fv2%2Ftags&post=9983"}],"curies":[{"name":"wp","href":"https:\/\/api.w.org\/{rel}","templated":true}]}}